{"id":8212,"date":"2023-12-05T16:19:57","date_gmt":"2023-12-05T19:19:57","guid":{"rendered":"https:\/\/systemica.digital\/?p=8212"},"modified":"2024-07-19T10:18:33","modified_gmt":"2024-07-19T13:18:33","slug":"discussao-do-mercado-regulado-e-definicao-do-fundo-de-perdas-e-danos-do-clima-sao-expectativas-para-cop28","status":"publish","type":"post","link":"https:\/\/systemica.digital\/en\/discussao-do-mercado-regulado-e-definicao-do-fundo-de-perdas-e-danos-do-clima-sao-expectativas-para-cop28\/","title":{"rendered":"Discussion of the regulated market and definition of the Climate Loss and Damage Fund are expectations for COP28"},"content":{"rendered":"<h2><em>Systemica is present at the conference, which takes place in the United Arab Emirates<\/em><\/h2>\n<p>The 2023 United Nations Climate Change Conference, known as COP28, began on November 30. The meeting brings together 197 countries, international leaders, businesspeople and players in the environmental asset markets to discuss and develop concrete solutions to combat the increasingly serious effects of global warming.<\/p>\n<p>The event takes place at a historic moment for the climate scenario: for the first time, on November 20, 2023, the global average temperature exceeded the 2\u00b0C anomaly and reached exactly 2.07\u00b0C above pre-industrial levels (1850-1900). Around the world, heat waves, with the intensification of the El Ni\u00f1o phenomenon, show the severity of climate change caused by greenhouse gas emissions. According to data from the Copernicus Climate Change Monitoring Service, 2023 is expected to end as the hottest year in 125 thousand years.<\/p>\n<p>As this scenario advances, it is questionable whether the tools we have so far can actually limit the increase in the global average temperature to the 1.5\u00baC determined in the creation of the Paris Agreement. According to a recent report from the United Nations, current global commitments fall short of what is necessary to maintain this goal. Unless more effective actions are taken, the increase in temperature could reach a worrying rate of 2.5\u00b0C to 2.9\u00b0C above pre-industrial levels.<\/p>\n<p>The carbon and environmental assets market around the world is important in mitigating this scenario, and COP28 can bring important opportunities for the methodological definition of transactions between countries. \u201cIn relation to article 6.4 of the Paris Agreement, which provides that parties involved in transactions must promote the environmental, social and governmental integrity of these market mechanisms, we are falling short in the expectation of progress, especially due to the lack of methodological regulation. We are in a process of consolidating the carbon market, which has been growing in recent years, and this should play an important role within COP28. I also understand that environmental integrity movements, from the voluntary market, will be relevant. These are actions that began at the end of 2021 and will now have more robust results\u201d, analyzes Munir Soares, founding partner of Systemica.<\/p>\n<p>Still on the Paris Agreement, Munir explains that the event should bring other agendas that can help mitigate global warming more quickly. \u201cIn relation to the negotiations on Article 6, a conference that is less focused on this agenda is expected, despite the expectation of advancing the adoption of the recommendations of the <em>Supervisory Body<\/em> (SB) on Articles 6.2 and 6.4 of the Paris Agreement\u201d.<\/p>\n<p>Another issue is the assessment of the <em>Global Stocktaking<\/em> (GST), which consists of an assessment every 5 years of Nationally Determined Contributions (NDCs). \u201cAlthough the results have not yet been officially released, it is expected that the current NDCs are not sufficient to achieve the objectives of the Paris Agreement\u201d, adds Munir.<\/p>\n<h2><strong>Climate Loss and Damage Fund may gain evidence and definition within COP28<\/strong><\/h2>\n<p>An issue that should be defined more precisely during COP28 is the Climate Loss and Damage Fund (<em>Loss &amp; Damage<\/em>), which was first announced at COP27, in Egypt. The fund was designed after decades of pressure from countries vulnerable to climate urgency, providing financial assistance to nations that are directly impacted by global warming.<\/p>\n<p>The term \u201closs and damage\u201d refers to all the consequences of climate change: rising sea levels, storms, heat waves, desertification, ocean acidification, earthquakes and other extreme events. Although climate change is something that affects the whole world, there is a clear social and economic disparity: although developed countries are largely responsible for the emission of greenhouse gases, those who suffer most from the consequences are countries in climate vulnerability that are not on the list of major polluters. According to the UN, G20 countries account for around 75% of greenhouse gas emissions. Pakistan, which generates less than 1% of global emissions, has already recorded US$ 30 billion in losses from severe floods.<\/p>\n<p>According to Munir Soares, COP28 must finally define how the Loss and Damage fund can help these countries that are suffering disproportionately. \u201cA series of recommendations on the functioning of this fund were recently concluded on the eve of COP28, so we should have feedback on how it will be defined\u201d, he explains.<\/p>\n<p>The initial decision is that the fund will be allocated to the World Bank, with certain conditions so that it can be accessed easily. Developing countries are asking for an independent fund, under the Climate Convention, avoiding the bureaucracy of the World Bank and fearing possible US interventions. Another issue that still causes controversy is who will allocate the resources. The G77 Group plus China advocate that it be financed by countries considered richer, but the text that must reach the COP also places responsibility on developing countries that can contribute on a voluntary basis.<\/p>\n<h2><strong>Voluntary Market gains momentum and could be one of the highlights of the conference<\/strong><\/h2>\n<p>According to Munir Soares, COP28 should have other focuses besides the political agenda, such as the Voluntary Carbon Market (VCM) and environmental integrity. A greater movement is also expected in relation to the expansion in the use of renewable sources by the end of 2030.<\/p>\n<p>\u201cThe voluntary market grew very quickly until 2022, when it reached a historic volume of transactions, and many questions began to arise regarding the integrity of this market and which methodologies could help regulate it. From this, several response movements emerged, talking about environmental integrity, ethical principles and governance of <u><a href=\"https:\/\/systemica.digital\/en\/relacao-comunidades\/\">traditional communities<\/a><\/u>. This discussion should advance at COP28, with an important role for the private sector acting in this context.\u201d<\/p>\n<p>Recently, the Senate Environment Committee approved the bill that regulates the <u><a href=\"https:\/\/systemica.digital\/en\/senado-aprova-projeto-de-lei-que-regulamenta-mercado-de-carbono-no-brasil\/\">carbon market<\/a><\/u> in Brazil. The text was approved on a final basis, eliminating the need for a plenary vote, and should go directly to the Chamber for analysis. This decision should impact the national and international market and be a point of discussion within COP28. \u201cBrazil is discussing its regulation law, and this law is important for Articles 6.2 and 6.4 of the Paris Agreement, as it can help control Brazilian emissions and, eventually, generate assets that can be traded in the international community\u201d, adds Tiago Ricci, specialist in environmental law and partner at Systemica.<\/p>","protected":false},"excerpt":{"rendered":"<p>A Systemica est\u00e1 presente na confer\u00eancia, que acontece nos Emirados \u00c1rabes Come\u00e7ou em 30 de novembro a Confer\u00eancia das Na\u00e7\u00f5es Unidas sobre Mudan\u00e7as Clim\u00e1ticas de 2023, a chamada COP28. O encontro re\u00fane 197 pa\u00edses, l\u00edderes internacionais, empres\u00e1rios e players dos mercados de ativos ambientais para discutir e desenvolver solu\u00e7\u00f5es concretas para combater os efeitos cada [&hellip;]<\/p>\n","protected":false},"author":4,"featured_media":8213,"comment_status":"open","ping_status":"open","sticky":false,"template":"","format":"standard","meta":{"_acf_changed":false,"footnotes":""},"categories":[11,1,8,12],"tags":[14,16],"class_list":["post-8212","post","type-post","status-publish","format-standard","has-post-thumbnail","hentry","category-artigos","category-blog","category-eventos","category-na-midia","tag-creditos-de-carbono","tag-mercado-de-carbono"],"acf":[],"yoast_head":"<!-- This site is optimized with the Yoast SEO plugin v27.3 - https:\/\/yoast.com\/product\/yoast-seo-wordpress\/ -->\n<title>Discuss\u00e3o do mercado regulado e defini\u00e7\u00e3o do Fundo de Perdas e Danos do Clima s\u00e3o expectativas para COP28 - Systemica<\/title>\n<meta name=\"robots\" content=\"index, follow, max-snippet:-1, max-image-preview:large, max-video-preview:-1\" \/>\n<link rel=\"canonical\" href=\"https:\/\/systemica.digital\/en\/discussao-do-mercado-regulado-e-definicao-do-fundo-de-perdas-e-danos-do-clima-sao-expectativas-para-cop28\/\" \/>\n<meta property=\"og:locale\" content=\"en_US\" \/>\n<meta property=\"og:type\" content=\"article\" \/>\n<meta property=\"og:title\" content=\"Discuss\u00e3o do mercado regulado e defini\u00e7\u00e3o do Fundo de Perdas e Danos do Clima s\u00e3o expectativas para COP28 - Systemica\" \/>\n<meta property=\"og:description\" content=\"A Systemica est\u00e1 presente na confer\u00eancia, que acontece nos Emirados \u00c1rabes Come\u00e7ou em 30 de novembro a Confer\u00eancia das Na\u00e7\u00f5es Unidas sobre Mudan\u00e7as Clim\u00e1ticas de 2023, a chamada COP28. O encontro re\u00fane 197 pa\u00edses, l\u00edderes internacionais, empres\u00e1rios e players dos mercados de ativos ambientais para discutir e desenvolver solu\u00e7\u00f5es concretas para combater os efeitos cada [&hellip;]\" \/>\n<meta property=\"og:url\" content=\"https:\/\/systemica.digital\/en\/discussao-do-mercado-regulado-e-definicao-do-fundo-de-perdas-e-danos-do-clima-sao-expectativas-para-cop28\/\" \/>\n<meta property=\"og:site_name\" content=\"Systemica\" \/>\n<meta property=\"article:published_time\" content=\"2023-12-05T19:19:57+00:00\" \/>\n<meta property=\"article:modified_time\" content=\"2024-07-19T13:18:33+00:00\" \/>\n<meta property=\"og:image\" content=\"https:\/\/systemica.digital\/wp-content\/uploads\/2023\/12\/Systemica_-_Banner_blog_-_COP28.png\" \/>\n\t<meta property=\"og:image:width\" content=\"1920\" \/>\n\t<meta property=\"og:image:height\" content=\"1080\" \/>\n\t<meta property=\"og:image:type\" content=\"image\/png\" \/>\n<meta name=\"author\" content=\"Equipe Systemica\" \/>\n<meta name=\"twitter:card\" content=\"summary_large_image\" \/>\n<meta name=\"twitter:label1\" content=\"Written by\" \/>\n\t<meta name=\"twitter:data1\" content=\"Equipe Systemica\" \/>\n\t<meta name=\"twitter:label2\" content=\"Est. reading time\" \/>\n\t<meta name=\"twitter:data2\" content=\"6 minutes\" \/>\n<script type=\"application\/ld+json\" class=\"yoast-schema-graph\">{\"@context\":\"https:\\\/\\\/schema.org\",\"@graph\":[{\"@type\":\"Article\",\"@id\":\"https:\\\/\\\/systemica.digital\\\/discussao-do-mercado-regulado-e-definicao-do-fundo-de-perdas-e-danos-do-clima-sao-expectativas-para-cop28\\\/#article\",\"isPartOf\":{\"@id\":\"https:\\\/\\\/systemica.digital\\\/discussao-do-mercado-regulado-e-definicao-do-fundo-de-perdas-e-danos-do-clima-sao-expectativas-para-cop28\\\/\"},\"author\":{\"name\":\"Equipe Systemica\",\"@id\":\"https:\\\/\\\/systemica.digital\\\/#\\\/schema\\\/person\\\/c60683e727c15da15afab8f0cea48384\"},\"headline\":\"Discuss\u00e3o do mercado regulado e defini\u00e7\u00e3o do Fundo de Perdas e Danos do Clima s\u00e3o expectativas para COP28\",\"datePublished\":\"2023-12-05T19:19:57+00:00\",\"dateModified\":\"2024-07-19T13:18:33+00:00\",\"mainEntityOfPage\":{\"@id\":\"https:\\\/\\\/systemica.digital\\\/discussao-do-mercado-regulado-e-definicao-do-fundo-de-perdas-e-danos-do-clima-sao-expectativas-para-cop28\\\/\"},\"wordCount\":1232,\"commentCount\":0,\"publisher\":{\"@id\":\"https:\\\/\\\/systemica.digital\\\/#organization\"},\"image\":{\"@id\":\"https:\\\/\\\/systemica.digital\\\/discussao-do-mercado-regulado-e-definicao-do-fundo-de-perdas-e-danos-do-clima-sao-expectativas-para-cop28\\\/#primaryimage\"},\"thumbnailUrl\":\"https:\\\/\\\/systemica.digital\\\/wp-content\\\/uploads\\\/2023\\\/12\\\/Systemica_-_Banner_blog_-_COP28.png\",\"keywords\":[\"cr\u00e9ditos de carbono\",\"mercado de carbono\"],\"articleSection\":[\"Artigos\",\"Blog\",\"Eventos\",\"Na M\u00eddia\"],\"inLanguage\":\"en-US\",\"potentialAction\":[{\"@type\":\"CommentAction\",\"name\":\"Comment\",\"target\":[\"https:\\\/\\\/systemica.digital\\\/discussao-do-mercado-regulado-e-definicao-do-fundo-de-perdas-e-danos-do-clima-sao-expectativas-para-cop28\\\/#respond\"]}]},{\"@type\":\"WebPage\",\"@id\":\"https:\\\/\\\/systemica.digital\\\/discussao-do-mercado-regulado-e-definicao-do-fundo-de-perdas-e-danos-do-clima-sao-expectativas-para-cop28\\\/\",\"url\":\"https:\\\/\\\/systemica.digital\\\/discussao-do-mercado-regulado-e-definicao-do-fundo-de-perdas-e-danos-do-clima-sao-expectativas-para-cop28\\\/\",\"name\":\"Discuss\u00e3o do mercado regulado e defini\u00e7\u00e3o do Fundo de Perdas e Danos do Clima s\u00e3o expectativas para COP28 - Systemica\",\"isPartOf\":{\"@id\":\"https:\\\/\\\/systemica.digital\\\/#website\"},\"primaryImageOfPage\":{\"@id\":\"https:\\\/\\\/systemica.digital\\\/discussao-do-mercado-regulado-e-definicao-do-fundo-de-perdas-e-danos-do-clima-sao-expectativas-para-cop28\\\/#primaryimage\"},\"image\":{\"@id\":\"https:\\\/\\\/systemica.digital\\\/discussao-do-mercado-regulado-e-definicao-do-fundo-de-perdas-e-danos-do-clima-sao-expectativas-para-cop28\\\/#primaryimage\"},\"thumbnailUrl\":\"https:\\\/\\\/systemica.digital\\\/wp-content\\\/uploads\\\/2023\\\/12\\\/Systemica_-_Banner_blog_-_COP28.png\",\"datePublished\":\"2023-12-05T19:19:57+00:00\",\"dateModified\":\"2024-07-19T13:18:33+00:00\",\"breadcrumb\":{\"@id\":\"https:\\\/\\\/systemica.digital\\\/discussao-do-mercado-regulado-e-definicao-do-fundo-de-perdas-e-danos-do-clima-sao-expectativas-para-cop28\\\/#breadcrumb\"},\"inLanguage\":\"en-US\",\"potentialAction\":[{\"@type\":\"ReadAction\",\"target\":[\"https:\\\/\\\/systemica.digital\\\/discussao-do-mercado-regulado-e-definicao-do-fundo-de-perdas-e-danos-do-clima-sao-expectativas-para-cop28\\\/\"]}]},{\"@type\":\"ImageObject\",\"inLanguage\":\"en-US\",\"@id\":\"https:\\\/\\\/systemica.digital\\\/discussao-do-mercado-regulado-e-definicao-do-fundo-de-perdas-e-danos-do-clima-sao-expectativas-para-cop28\\\/#primaryimage\",\"url\":\"https:\\\/\\\/systemica.digital\\\/wp-content\\\/uploads\\\/2023\\\/12\\\/Systemica_-_Banner_blog_-_COP28.png\",\"contentUrl\":\"https:\\\/\\\/systemica.digital\\\/wp-content\\\/uploads\\\/2023\\\/12\\\/Systemica_-_Banner_blog_-_COP28.png\",\"width\":1920,\"height\":1080},{\"@type\":\"BreadcrumbList\",\"@id\":\"https:\\\/\\\/systemica.digital\\\/discussao-do-mercado-regulado-e-definicao-do-fundo-de-perdas-e-danos-do-clima-sao-expectativas-para-cop28\\\/#breadcrumb\",\"itemListElement\":[{\"@type\":\"ListItem\",\"position\":1,\"name\":\"In\u00edcio\",\"item\":\"https:\\\/\\\/systemica.digital\\\/\"},{\"@type\":\"ListItem\",\"position\":2,\"name\":\"Discuss\u00e3o do mercado regulado e defini\u00e7\u00e3o do Fundo de Perdas e Danos do Clima s\u00e3o expectativas para COP28\"}]},{\"@type\":\"WebSite\",\"@id\":\"https:\\\/\\\/systemica.digital\\\/#website\",\"url\":\"https:\\\/\\\/systemica.digital\\\/\",\"name\":\"Systemica\",\"description\":\"\",\"publisher\":{\"@id\":\"https:\\\/\\\/systemica.digital\\\/#organization\"},\"potentialAction\":[{\"@type\":\"SearchAction\",\"target\":{\"@type\":\"EntryPoint\",\"urlTemplate\":\"https:\\\/\\\/systemica.digital\\\/?s={search_term_string}\"},\"query-input\":{\"@type\":\"PropertyValueSpecification\",\"valueRequired\":true,\"valueName\":\"search_term_string\"}}],\"inLanguage\":\"en-US\"},{\"@type\":\"Organization\",\"@id\":\"https:\\\/\\\/systemica.digital\\\/#organization\",\"name\":\"Systemica\",\"url\":\"https:\\\/\\\/systemica.digital\\\/\",\"logo\":{\"@type\":\"ImageObject\",\"inLanguage\":\"en-US\",\"@id\":\"https:\\\/\\\/systemica.digital\\\/#\\\/schema\\\/logo\\\/image\\\/\",\"url\":\"https:\\\/\\\/systemica.digital\\\/wp-content\\\/uploads\\\/2024\\\/06\\\/logo-systemica.png\",\"contentUrl\":\"https:\\\/\\\/systemica.digital\\\/wp-content\\\/uploads\\\/2024\\\/06\\\/logo-systemica.png\",\"width\":211,\"height\":29,\"caption\":\"Systemica\"},\"image\":{\"@id\":\"https:\\\/\\\/systemica.digital\\\/#\\\/schema\\\/logo\\\/image\\\/\"}},{\"@type\":\"Person\",\"@id\":\"https:\\\/\\\/systemica.digital\\\/#\\\/schema\\\/person\\\/c60683e727c15da15afab8f0cea48384\",\"name\":\"Equipe Systemica\",\"image\":{\"@type\":\"ImageObject\",\"inLanguage\":\"en-US\",\"@id\":\"https:\\\/\\\/systemica.digital\\\/wp-content\\\/uploads\\\/2024\\\/07\\\/author.png\",\"url\":\"https:\\\/\\\/systemica.digital\\\/wp-content\\\/uploads\\\/2024\\\/07\\\/author.png\",\"contentUrl\":\"https:\\\/\\\/systemica.digital\\\/wp-content\\\/uploads\\\/2024\\\/07\\\/author.png\",\"caption\":\"Equipe Systemica\"},\"url\":\"https:\\\/\\\/systemica.digital\\\/en\\\/author\\\/comunicados_systemica_\\\/\"}]}<\/script>\n<!-- \/ Yoast SEO plugin. -->","yoast_head_json":{"title":"Discussion of the regulated market and definition of the Climate Loss and Damage Fund are expectations for COP28 - Systemica","robots":{"index":"index","follow":"follow","max-snippet":"max-snippet:-1","max-image-preview":"max-image-preview:large","max-video-preview":"max-video-preview:-1"},"canonical":"https:\/\/systemica.digital\/en\/discussao-do-mercado-regulado-e-definicao-do-fundo-de-perdas-e-danos-do-clima-sao-expectativas-para-cop28\/","og_locale":"en_US","og_type":"article","og_title":"Discuss\u00e3o do mercado regulado e defini\u00e7\u00e3o do Fundo de Perdas e Danos do Clima s\u00e3o expectativas para COP28 - Systemica","og_description":"A Systemica est\u00e1 presente na confer\u00eancia, que acontece nos Emirados \u00c1rabes Come\u00e7ou em 30 de novembro a Confer\u00eancia das Na\u00e7\u00f5es Unidas sobre Mudan\u00e7as Clim\u00e1ticas de 2023, a chamada COP28. O encontro re\u00fane 197 pa\u00edses, l\u00edderes internacionais, empres\u00e1rios e players dos mercados de ativos ambientais para discutir e desenvolver solu\u00e7\u00f5es concretas para combater os efeitos cada [&hellip;]","og_url":"https:\/\/systemica.digital\/en\/discussao-do-mercado-regulado-e-definicao-do-fundo-de-perdas-e-danos-do-clima-sao-expectativas-para-cop28\/","og_site_name":"Systemica","article_published_time":"2023-12-05T19:19:57+00:00","article_modified_time":"2024-07-19T13:18:33+00:00","og_image":[{"width":1920,"height":1080,"url":"https:\/\/systemica.digital\/wp-content\/uploads\/2023\/12\/Systemica_-_Banner_blog_-_COP28.png","type":"image\/png"}],"author":"Equipe Systemica","twitter_card":"summary_large_image","twitter_misc":{"Written by":"Equipe Systemica","Est. reading time":"6 minutes"},"schema":{"@context":"https:\/\/schema.org","@graph":[{"@type":"Article","@id":"https:\/\/systemica.digital\/discussao-do-mercado-regulado-e-definicao-do-fundo-de-perdas-e-danos-do-clima-sao-expectativas-para-cop28\/#article","isPartOf":{"@id":"https:\/\/systemica.digital\/discussao-do-mercado-regulado-e-definicao-do-fundo-de-perdas-e-danos-do-clima-sao-expectativas-para-cop28\/"},"author":{"name":"Equipe Systemica","@id":"https:\/\/systemica.digital\/#\/schema\/person\/c60683e727c15da15afab8f0cea48384"},"headline":"Discuss\u00e3o do mercado regulado e defini\u00e7\u00e3o do Fundo de Perdas e Danos do Clima s\u00e3o expectativas para COP28","datePublished":"2023-12-05T19:19:57+00:00","dateModified":"2024-07-19T13:18:33+00:00","mainEntityOfPage":{"@id":"https:\/\/systemica.digital\/discussao-do-mercado-regulado-e-definicao-do-fundo-de-perdas-e-danos-do-clima-sao-expectativas-para-cop28\/"},"wordCount":1232,"commentCount":0,"publisher":{"@id":"https:\/\/systemica.digital\/#organization"},"image":{"@id":"https:\/\/systemica.digital\/discussao-do-mercado-regulado-e-definicao-do-fundo-de-perdas-e-danos-do-clima-sao-expectativas-para-cop28\/#primaryimage"},"thumbnailUrl":"https:\/\/systemica.digital\/wp-content\/uploads\/2023\/12\/Systemica_-_Banner_blog_-_COP28.png","keywords":["cr\u00e9ditos de carbono","mercado de carbono"],"articleSection":["Artigos","Blog","Eventos","Na M\u00eddia"],"inLanguage":"en-US","potentialAction":[{"@type":"CommentAction","name":"Comment","target":["https:\/\/systemica.digital\/discussao-do-mercado-regulado-e-definicao-do-fundo-de-perdas-e-danos-do-clima-sao-expectativas-para-cop28\/#respond"]}]},{"@type":"WebPage","@id":"https:\/\/systemica.digital\/discussao-do-mercado-regulado-e-definicao-do-fundo-de-perdas-e-danos-do-clima-sao-expectativas-para-cop28\/","url":"https:\/\/systemica.digital\/discussao-do-mercado-regulado-e-definicao-do-fundo-de-perdas-e-danos-do-clima-sao-expectativas-para-cop28\/","name":"Discussion of the regulated market and definition of the Climate Loss and Damage Fund are expectations for COP28 - Systemica","isPartOf":{"@id":"https:\/\/systemica.digital\/#website"},"primaryImageOfPage":{"@id":"https:\/\/systemica.digital\/discussao-do-mercado-regulado-e-definicao-do-fundo-de-perdas-e-danos-do-clima-sao-expectativas-para-cop28\/#primaryimage"},"image":{"@id":"https:\/\/systemica.digital\/discussao-do-mercado-regulado-e-definicao-do-fundo-de-perdas-e-danos-do-clima-sao-expectativas-para-cop28\/#primaryimage"},"thumbnailUrl":"https:\/\/systemica.digital\/wp-content\/uploads\/2023\/12\/Systemica_-_Banner_blog_-_COP28.png","datePublished":"2023-12-05T19:19:57+00:00","dateModified":"2024-07-19T13:18:33+00:00","breadcrumb":{"@id":"https:\/\/systemica.digital\/discussao-do-mercado-regulado-e-definicao-do-fundo-de-perdas-e-danos-do-clima-sao-expectativas-para-cop28\/#breadcrumb"},"inLanguage":"en-US","potentialAction":[{"@type":"ReadAction","target":["https:\/\/systemica.digital\/discussao-do-mercado-regulado-e-definicao-do-fundo-de-perdas-e-danos-do-clima-sao-expectativas-para-cop28\/"]}]},{"@type":"ImageObject","inLanguage":"en-US","@id":"https:\/\/systemica.digital\/discussao-do-mercado-regulado-e-definicao-do-fundo-de-perdas-e-danos-do-clima-sao-expectativas-para-cop28\/#primaryimage","url":"https:\/\/systemica.digital\/wp-content\/uploads\/2023\/12\/Systemica_-_Banner_blog_-_COP28.png","contentUrl":"https:\/\/systemica.digital\/wp-content\/uploads\/2023\/12\/Systemica_-_Banner_blog_-_COP28.png","width":1920,"height":1080},{"@type":"BreadcrumbList","@id":"https:\/\/systemica.digital\/discussao-do-mercado-regulado-e-definicao-do-fundo-de-perdas-e-danos-do-clima-sao-expectativas-para-cop28\/#breadcrumb","itemListElement":[{"@type":"ListItem","position":1,"name":"In\u00edcio","item":"https:\/\/systemica.digital\/"},{"@type":"ListItem","position":2,"name":"Discuss\u00e3o do mercado regulado e defini\u00e7\u00e3o do Fundo de Perdas e Danos do Clima s\u00e3o expectativas para COP28"}]},{"@type":"WebSite","@id":"https:\/\/systemica.digital\/#website","url":"https:\/\/systemica.digital\/","name":"Systemica","description":"","publisher":{"@id":"https:\/\/systemica.digital\/#organization"},"potentialAction":[{"@type":"SearchAction","target":{"@type":"EntryPoint","urlTemplate":"https:\/\/systemica.digital\/?s={search_term_string}"},"query-input":{"@type":"PropertyValueSpecification","valueRequired":true,"valueName":"search_term_string"}}],"inLanguage":"en-US"},{"@type":"Organization","@id":"https:\/\/systemica.digital\/#organization","name":"Systemica","url":"https:\/\/systemica.digital\/","logo":{"@type":"ImageObject","inLanguage":"en-US","@id":"https:\/\/systemica.digital\/#\/schema\/logo\/image\/","url":"https:\/\/systemica.digital\/wp-content\/uploads\/2024\/06\/logo-systemica.png","contentUrl":"https:\/\/systemica.digital\/wp-content\/uploads\/2024\/06\/logo-systemica.png","width":211,"height":29,"caption":"Systemica"},"image":{"@id":"https:\/\/systemica.digital\/#\/schema\/logo\/image\/"}},{"@type":"Person","@id":"https:\/\/systemica.digital\/#\/schema\/person\/c60683e727c15da15afab8f0cea48384","name":"Systemic Team","image":{"@type":"ImageObject","inLanguage":"en-US","@id":"https:\/\/systemica.digital\/wp-content\/uploads\/2024\/07\/author.png","url":"https:\/\/systemica.digital\/wp-content\/uploads\/2024\/07\/author.png","contentUrl":"https:\/\/systemica.digital\/wp-content\/uploads\/2024\/07\/author.png","caption":"Equipe Systemica"},"url":"https:\/\/systemica.digital\/en\/author\/comunicados_systemica_\/"}]}},"_links":{"self":[{"href":"https:\/\/systemica.digital\/en\/wp-json\/wp\/v2\/posts\/8212","targetHints":{"allow":["GET"]}}],"collection":[{"href":"https:\/\/systemica.digital\/en\/wp-json\/wp\/v2\/posts"}],"about":[{"href":"https:\/\/systemica.digital\/en\/wp-json\/wp\/v2\/types\/post"}],"author":[{"embeddable":true,"href":"https:\/\/systemica.digital\/en\/wp-json\/wp\/v2\/users\/4"}],"replies":[{"embeddable":true,"href":"https:\/\/systemica.digital\/en\/wp-json\/wp\/v2\/comments?post=8212"}],"version-history":[{"count":0,"href":"https:\/\/systemica.digital\/en\/wp-json\/wp\/v2\/posts\/8212\/revisions"}],"wp:featuredmedia":[{"embeddable":true,"href":"https:\/\/systemica.digital\/en\/wp-json\/wp\/v2\/media\/8213"}],"wp:attachment":[{"href":"https:\/\/systemica.digital\/en\/wp-json\/wp\/v2\/media?parent=8212"}],"wp:term":[{"taxonomy":"category","embeddable":true,"href":"https:\/\/systemica.digital\/en\/wp-json\/wp\/v2\/categories?post=8212"},{"taxonomy":"post_tag","embeddable":true,"href":"https:\/\/systemica.digital\/en\/wp-json\/wp\/v2\/tags?post=8212"}],"curies":[{"name":"wp","href":"https:\/\/api.w.org\/{rel}","templated":true}]}}