{"id":8086,"date":"2023-10-11T15:34:47","date_gmt":"2023-10-11T18:34:47","guid":{"rendered":"https:\/\/systemica.digital\/?p=8086"},"modified":"2024-07-19T10:18:34","modified_gmt":"2024-07-19T13:18:34","slug":"pos-ny-climate-week","status":"publish","type":"post","link":"https:\/\/systemica.digital\/en\/pos-ny-climate-week\/","title":{"rendered":"Systemica participates in NY Climate Week"},"content":{"rendered":"<p dir=\"auto\">The Systemica team participated in New York Climate Week, one of the main international events on the urgency of dealing with climate change. The conference took place between September 17th and 24th amid protests in the city, with several organizations demanding stricter measures against the exploitation of fossil fuels.<\/p>\n<p dir=\"auto\">On the 19th, Systemica participated in a round table organized by GFANZ and the Presidency of COP28, which was attended by CEOs and CSO (Chief Sustainability Officers) from relevant companies in the market. The panel tried to answer how greater demand can be signaled in the Voluntary Carbon Market (VCM) until COP28.<\/p>\n<p dir=\"auto\">After the panel, it was clear that developing VCM will require direct engagement with the demand side of the market, and supply will have to respond. For us at Systemica, we need to be true to our commitment to social and environmental integrity and transparency. Our great opportunity is to work directly with demand, engaging buyers directly in our projects.<\/p>\n<p dir=\"auto\">Among the lectures we attended as spectators, one of the highlights was the panel organized by The Nature Conservancy (TNC), which was attended by John Kerry, former US Secretary of State and current US Climate Envoy, the Ministers Sonia Guajajara and Fernando Haddad, Helder Barbalho, Governor of Par\u00e1, and Jennifer Morris, CEO of TNC.<\/p>\n<p dir=\"auto\">Many of the speeches highlighted the importance of looking at carbon policies side by side with the social context, as it is impossible to talk about keeping the forest standing without a commitment to indigenous peoples.<\/p>\n<p dir=\"auto\">Here at Systemica, we ensure that our projects bring social benefits, strengthening the link between the carbon market and the populations that care for and live in our main biomes. We were happy with the messages we heard at Climate Week, including the urgency of decarbonization actions, the importance of the contribution of nature based solutions, and the commitment to forest people, which are Systemica&#039;s mission and commitment.<\/p>","protected":false},"excerpt":{"rendered":"<p>A equipe da Systemica participou da Nova York Climate Week, um dos principais eventos internacionais sobre a urg\u00eancia de lidarmos com as mudan\u00e7as clim\u00e1ticas. A confer\u00eancia aconteceu entre 17 e 24 de setembro em meio a protestos na cidade, com v\u00e1rias organiza\u00e7\u00f5es exigindo medidas mais severas contra a explora\u00e7\u00e3o de combust\u00edveis f\u00f3sseis. No dia 19, [&hellip;]<\/p>\n","protected":false},"author":4,"featured_media":8084,"comment_status":"open","ping_status":"open","sticky":false,"template":"","format":"standard","meta":{"_acf_changed":false,"footnotes":""},"categories":[11,1,8,12],"tags":[17,24,25,14,18,19],"class_list":["post-8086","post","type-post","status-publish","format-standard","has-post-thumbnail","hentry","category-artigos","category-blog","category-eventos","category-na-midia","tag-agroflorestas","tag-amazonia","tag-biodiversidade","tag-creditos-de-carbono","tag-equipe-systemica","tag-eventos"],"acf":[],"yoast_head":"<!-- This site is optimized with the Yoast SEO plugin v27.3 - https:\/\/yoast.com\/product\/yoast-seo-wordpress\/ -->\n<title>Systemica participa da NY Climate Week - Systemica<\/title>\n<meta name=\"description\" content=\"A equipe da Systemica participou da Nova York Climate Week, um dos principais eventos internacionais sobre a urg\u00eancia de lidarmos com as mudan\u00e7as clim\u00e1ticas. A confer\u00eancia aconteceu entre 17 e 24 de setembro em meio a protestos na cidade, com v\u00e1rias organiza\u00e7\u00f5es exigindo medidas mais severas contra a explora\u00e7\u00e3o de combust\u00edveis f\u00f3sseis.\" \/>\n<meta name=\"robots\" content=\"index, follow, max-snippet:-1, max-image-preview:large, max-video-preview:-1\" \/>\n<link rel=\"canonical\" href=\"https:\/\/systemica.digital\/en\/pos-ny-climate-week\/\" \/>\n<meta property=\"og:locale\" content=\"en_US\" \/>\n<meta property=\"og:type\" content=\"article\" \/>\n<meta property=\"og:title\" content=\"Systemica participa da NY Climate Week - Systemica\" \/>\n<meta property=\"og:description\" content=\"A equipe da Systemica participou da Nova York Climate Week, um dos principais eventos internacionais sobre a urg\u00eancia de lidarmos com as mudan\u00e7as clim\u00e1ticas. A confer\u00eancia aconteceu entre 17 e 24 de setembro em meio a protestos na cidade, com v\u00e1rias organiza\u00e7\u00f5es exigindo medidas mais severas contra a explora\u00e7\u00e3o de combust\u00edveis f\u00f3sseis.\" \/>\n<meta property=\"og:url\" content=\"https:\/\/systemica.digital\/en\/pos-ny-climate-week\/\" \/>\n<meta property=\"og:site_name\" content=\"Systemica\" \/>\n<meta property=\"article:published_time\" content=\"2023-10-11T18:34:47+00:00\" \/>\n<meta property=\"article:modified_time\" content=\"2024-07-19T13:18:34+00:00\" \/>\n<meta property=\"og:image\" content=\"https:\/\/systemica.digital\/wp-content\/uploads\/2023\/10\/Systemica_-_Banner_blog_-_Pos_NY_Climate_Week.png\" \/>\n\t<meta property=\"og:image:width\" content=\"1920\" \/>\n\t<meta property=\"og:image:height\" content=\"1080\" \/>\n\t<meta property=\"og:image:type\" content=\"image\/png\" \/>\n<meta name=\"author\" content=\"Equipe Systemica\" \/>\n<meta name=\"twitter:card\" content=\"summary_large_image\" \/>\n<meta name=\"twitter:label1\" content=\"Written by\" \/>\n\t<meta name=\"twitter:data1\" content=\"Equipe Systemica\" \/>\n\t<meta name=\"twitter:label2\" content=\"Est. reading time\" \/>\n\t<meta name=\"twitter:data2\" content=\"2 minutes\" \/>\n<script type=\"application\/ld+json\" class=\"yoast-schema-graph\">{\"@context\":\"https:\\\/\\\/schema.org\",\"@graph\":[{\"@type\":\"Article\",\"@id\":\"https:\\\/\\\/systemica.digital\\\/pos-ny-climate-week\\\/#article\",\"isPartOf\":{\"@id\":\"https:\\\/\\\/systemica.digital\\\/pos-ny-climate-week\\\/\"},\"author\":{\"name\":\"Equipe Systemica\",\"@id\":\"https:\\\/\\\/systemica.digital\\\/#\\\/schema\\\/person\\\/c60683e727c15da15afab8f0cea48384\"},\"headline\":\"Systemica participa da NY Climate Week\",\"datePublished\":\"2023-10-11T18:34:47+00:00\",\"dateModified\":\"2024-07-19T13:18:34+00:00\",\"mainEntityOfPage\":{\"@id\":\"https:\\\/\\\/systemica.digital\\\/pos-ny-climate-week\\\/\"},\"wordCount\":362,\"commentCount\":0,\"publisher\":{\"@id\":\"https:\\\/\\\/systemica.digital\\\/#organization\"},\"image\":{\"@id\":\"https:\\\/\\\/systemica.digital\\\/pos-ny-climate-week\\\/#primaryimage\"},\"thumbnailUrl\":\"https:\\\/\\\/systemica.digital\\\/wp-content\\\/uploads\\\/2023\\\/10\\\/Systemica_-_Banner_blog_-_Pos_NY_Climate_Week.png\",\"keywords\":[\"agroflorestas\",\"amaz\u00f4nia\",\"biodiversidade\",\"cr\u00e9ditos de carbono\",\"equipe systemica\",\"eventos\"],\"articleSection\":[\"Artigos\",\"Blog\",\"Eventos\",\"Na M\u00eddia\"],\"inLanguage\":\"en-US\",\"potentialAction\":[{\"@type\":\"CommentAction\",\"name\":\"Comment\",\"target\":[\"https:\\\/\\\/systemica.digital\\\/pos-ny-climate-week\\\/#respond\"]}]},{\"@type\":\"WebPage\",\"@id\":\"https:\\\/\\\/systemica.digital\\\/pos-ny-climate-week\\\/\",\"url\":\"https:\\\/\\\/systemica.digital\\\/pos-ny-climate-week\\\/\",\"name\":\"Systemica participa da NY Climate Week - Systemica\",\"isPartOf\":{\"@id\":\"https:\\\/\\\/systemica.digital\\\/#website\"},\"primaryImageOfPage\":{\"@id\":\"https:\\\/\\\/systemica.digital\\\/pos-ny-climate-week\\\/#primaryimage\"},\"image\":{\"@id\":\"https:\\\/\\\/systemica.digital\\\/pos-ny-climate-week\\\/#primaryimage\"},\"thumbnailUrl\":\"https:\\\/\\\/systemica.digital\\\/wp-content\\\/uploads\\\/2023\\\/10\\\/Systemica_-_Banner_blog_-_Pos_NY_Climate_Week.png\",\"datePublished\":\"2023-10-11T18:34:47+00:00\",\"dateModified\":\"2024-07-19T13:18:34+00:00\",\"description\":\"A equipe da Systemica participou da Nova York Climate Week, um dos principais eventos internacionais sobre a urg\u00eancia de lidarmos com as mudan\u00e7as clim\u00e1ticas. A confer\u00eancia aconteceu entre 17 e 24 de setembro em meio a protestos na cidade, com v\u00e1rias organiza\u00e7\u00f5es exigindo medidas mais severas contra a explora\u00e7\u00e3o de combust\u00edveis f\u00f3sseis.\",\"breadcrumb\":{\"@id\":\"https:\\\/\\\/systemica.digital\\\/pos-ny-climate-week\\\/#breadcrumb\"},\"inLanguage\":\"en-US\",\"potentialAction\":[{\"@type\":\"ReadAction\",\"target\":[\"https:\\\/\\\/systemica.digital\\\/pos-ny-climate-week\\\/\"]}]},{\"@type\":\"ImageObject\",\"inLanguage\":\"en-US\",\"@id\":\"https:\\\/\\\/systemica.digital\\\/pos-ny-climate-week\\\/#primaryimage\",\"url\":\"https:\\\/\\\/systemica.digital\\\/wp-content\\\/uploads\\\/2023\\\/10\\\/Systemica_-_Banner_blog_-_Pos_NY_Climate_Week.png\",\"contentUrl\":\"https:\\\/\\\/systemica.digital\\\/wp-content\\\/uploads\\\/2023\\\/10\\\/Systemica_-_Banner_blog_-_Pos_NY_Climate_Week.png\",\"width\":1920,\"height\":1080},{\"@type\":\"BreadcrumbList\",\"@id\":\"https:\\\/\\\/systemica.digital\\\/pos-ny-climate-week\\\/#breadcrumb\",\"itemListElement\":[{\"@type\":\"ListItem\",\"position\":1,\"name\":\"In\u00edcio\",\"item\":\"https:\\\/\\\/systemica.digital\\\/\"},{\"@type\":\"ListItem\",\"position\":2,\"name\":\"Systemica participa da NY Climate Week\"}]},{\"@type\":\"WebSite\",\"@id\":\"https:\\\/\\\/systemica.digital\\\/#website\",\"url\":\"https:\\\/\\\/systemica.digital\\\/\",\"name\":\"Systemica\",\"description\":\"\",\"publisher\":{\"@id\":\"https:\\\/\\\/systemica.digital\\\/#organization\"},\"potentialAction\":[{\"@type\":\"SearchAction\",\"target\":{\"@type\":\"EntryPoint\",\"urlTemplate\":\"https:\\\/\\\/systemica.digital\\\/?s={search_term_string}\"},\"query-input\":{\"@type\":\"PropertyValueSpecification\",\"valueRequired\":true,\"valueName\":\"search_term_string\"}}],\"inLanguage\":\"en-US\"},{\"@type\":\"Organization\",\"@id\":\"https:\\\/\\\/systemica.digital\\\/#organization\",\"name\":\"Systemica\",\"url\":\"https:\\\/\\\/systemica.digital\\\/\",\"logo\":{\"@type\":\"ImageObject\",\"inLanguage\":\"en-US\",\"@id\":\"https:\\\/\\\/systemica.digital\\\/#\\\/schema\\\/logo\\\/image\\\/\",\"url\":\"https:\\\/\\\/systemica.digital\\\/wp-content\\\/uploads\\\/2024\\\/06\\\/logo-systemica.png\",\"contentUrl\":\"https:\\\/\\\/systemica.digital\\\/wp-content\\\/uploads\\\/2024\\\/06\\\/logo-systemica.png\",\"width\":211,\"height\":29,\"caption\":\"Systemica\"},\"image\":{\"@id\":\"https:\\\/\\\/systemica.digital\\\/#\\\/schema\\\/logo\\\/image\\\/\"}},{\"@type\":\"Person\",\"@id\":\"https:\\\/\\\/systemica.digital\\\/#\\\/schema\\\/person\\\/c60683e727c15da15afab8f0cea48384\",\"name\":\"Equipe Systemica\",\"image\":{\"@type\":\"ImageObject\",\"inLanguage\":\"en-US\",\"@id\":\"https:\\\/\\\/systemica.digital\\\/wp-content\\\/uploads\\\/2024\\\/07\\\/author.png\",\"url\":\"https:\\\/\\\/systemica.digital\\\/wp-content\\\/uploads\\\/2024\\\/07\\\/author.png\",\"contentUrl\":\"https:\\\/\\\/systemica.digital\\\/wp-content\\\/uploads\\\/2024\\\/07\\\/author.png\",\"caption\":\"Equipe Systemica\"},\"url\":\"https:\\\/\\\/systemica.digital\\\/en\\\/author\\\/comunicados_systemica_\\\/\"}]}<\/script>\n<!-- \/ Yoast SEO plugin. -->","yoast_head_json":{"title":"Systemica participates in NY Climate Week - Systemica","description":"The Systemica team participated in New York Climate Week, one of the main international events on the urgency of dealing with climate change. The conference took place between September 17th and 24th amid protests in the city, with several organizations demanding stricter measures against the exploitation of fossil fuels.","robots":{"index":"index","follow":"follow","max-snippet":"max-snippet:-1","max-image-preview":"max-image-preview:large","max-video-preview":"max-video-preview:-1"},"canonical":"https:\/\/systemica.digital\/en\/pos-ny-climate-week\/","og_locale":"en_US","og_type":"article","og_title":"Systemica participa da NY Climate Week - Systemica","og_description":"A equipe da Systemica participou da Nova York Climate Week, um dos principais eventos internacionais sobre a urg\u00eancia de lidarmos com as mudan\u00e7as clim\u00e1ticas. A confer\u00eancia aconteceu entre 17 e 24 de setembro em meio a protestos na cidade, com v\u00e1rias organiza\u00e7\u00f5es exigindo medidas mais severas contra a explora\u00e7\u00e3o de combust\u00edveis f\u00f3sseis.","og_url":"https:\/\/systemica.digital\/en\/pos-ny-climate-week\/","og_site_name":"Systemica","article_published_time":"2023-10-11T18:34:47+00:00","article_modified_time":"2024-07-19T13:18:34+00:00","og_image":[{"width":1920,"height":1080,"url":"https:\/\/systemica.digital\/wp-content\/uploads\/2023\/10\/Systemica_-_Banner_blog_-_Pos_NY_Climate_Week.png","type":"image\/png"}],"author":"Equipe Systemica","twitter_card":"summary_large_image","twitter_misc":{"Written by":"Equipe Systemica","Est. reading time":"2 minutes"},"schema":{"@context":"https:\/\/schema.org","@graph":[{"@type":"Article","@id":"https:\/\/systemica.digital\/pos-ny-climate-week\/#article","isPartOf":{"@id":"https:\/\/systemica.digital\/pos-ny-climate-week\/"},"author":{"name":"Equipe Systemica","@id":"https:\/\/systemica.digital\/#\/schema\/person\/c60683e727c15da15afab8f0cea48384"},"headline":"Systemica participa da NY Climate Week","datePublished":"2023-10-11T18:34:47+00:00","dateModified":"2024-07-19T13:18:34+00:00","mainEntityOfPage":{"@id":"https:\/\/systemica.digital\/pos-ny-climate-week\/"},"wordCount":362,"commentCount":0,"publisher":{"@id":"https:\/\/systemica.digital\/#organization"},"image":{"@id":"https:\/\/systemica.digital\/pos-ny-climate-week\/#primaryimage"},"thumbnailUrl":"https:\/\/systemica.digital\/wp-content\/uploads\/2023\/10\/Systemica_-_Banner_blog_-_Pos_NY_Climate_Week.png","keywords":["agroflorestas","amaz\u00f4nia","biodiversidade","cr\u00e9ditos de carbono","equipe systemica","eventos"],"articleSection":["Artigos","Blog","Eventos","Na M\u00eddia"],"inLanguage":"en-US","potentialAction":[{"@type":"CommentAction","name":"Comment","target":["https:\/\/systemica.digital\/pos-ny-climate-week\/#respond"]}]},{"@type":"WebPage","@id":"https:\/\/systemica.digital\/pos-ny-climate-week\/","url":"https:\/\/systemica.digital\/pos-ny-climate-week\/","name":"Systemica participates in NY Climate Week - Systemica","isPartOf":{"@id":"https:\/\/systemica.digital\/#website"},"primaryImageOfPage":{"@id":"https:\/\/systemica.digital\/pos-ny-climate-week\/#primaryimage"},"image":{"@id":"https:\/\/systemica.digital\/pos-ny-climate-week\/#primaryimage"},"thumbnailUrl":"https:\/\/systemica.digital\/wp-content\/uploads\/2023\/10\/Systemica_-_Banner_blog_-_Pos_NY_Climate_Week.png","datePublished":"2023-10-11T18:34:47+00:00","dateModified":"2024-07-19T13:18:34+00:00","description":"The Systemica team participated in New York Climate Week, one of the main international events on the urgency of dealing with climate change. The conference took place between September 17th and 24th amid protests in the city, with several organizations demanding stricter measures against the exploitation of fossil fuels.","breadcrumb":{"@id":"https:\/\/systemica.digital\/pos-ny-climate-week\/#breadcrumb"},"inLanguage":"en-US","potentialAction":[{"@type":"ReadAction","target":["https:\/\/systemica.digital\/pos-ny-climate-week\/"]}]},{"@type":"ImageObject","inLanguage":"en-US","@id":"https:\/\/systemica.digital\/pos-ny-climate-week\/#primaryimage","url":"https:\/\/systemica.digital\/wp-content\/uploads\/2023\/10\/Systemica_-_Banner_blog_-_Pos_NY_Climate_Week.png","contentUrl":"https:\/\/systemica.digital\/wp-content\/uploads\/2023\/10\/Systemica_-_Banner_blog_-_Pos_NY_Climate_Week.png","width":1920,"height":1080},{"@type":"BreadcrumbList","@id":"https:\/\/systemica.digital\/pos-ny-climate-week\/#breadcrumb","itemListElement":[{"@type":"ListItem","position":1,"name":"In\u00edcio","item":"https:\/\/systemica.digital\/"},{"@type":"ListItem","position":2,"name":"Systemica participa da NY Climate Week"}]},{"@type":"WebSite","@id":"https:\/\/systemica.digital\/#website","url":"https:\/\/systemica.digital\/","name":"Systemica","description":"","publisher":{"@id":"https:\/\/systemica.digital\/#organization"},"potentialAction":[{"@type":"SearchAction","target":{"@type":"EntryPoint","urlTemplate":"https:\/\/systemica.digital\/?s={search_term_string}"},"query-input":{"@type":"PropertyValueSpecification","valueRequired":true,"valueName":"search_term_string"}}],"inLanguage":"en-US"},{"@type":"Organization","@id":"https:\/\/systemica.digital\/#organization","name":"Systemica","url":"https:\/\/systemica.digital\/","logo":{"@type":"ImageObject","inLanguage":"en-US","@id":"https:\/\/systemica.digital\/#\/schema\/logo\/image\/","url":"https:\/\/systemica.digital\/wp-content\/uploads\/2024\/06\/logo-systemica.png","contentUrl":"https:\/\/systemica.digital\/wp-content\/uploads\/2024\/06\/logo-systemica.png","width":211,"height":29,"caption":"Systemica"},"image":{"@id":"https:\/\/systemica.digital\/#\/schema\/logo\/image\/"}},{"@type":"Person","@id":"https:\/\/systemica.digital\/#\/schema\/person\/c60683e727c15da15afab8f0cea48384","name":"Systemic Team","image":{"@type":"ImageObject","inLanguage":"en-US","@id":"https:\/\/systemica.digital\/wp-content\/uploads\/2024\/07\/author.png","url":"https:\/\/systemica.digital\/wp-content\/uploads\/2024\/07\/author.png","contentUrl":"https:\/\/systemica.digital\/wp-content\/uploads\/2024\/07\/author.png","caption":"Equipe Systemica"},"url":"https:\/\/systemica.digital\/en\/author\/comunicados_systemica_\/"}]}},"_links":{"self":[{"href":"https:\/\/systemica.digital\/en\/wp-json\/wp\/v2\/posts\/8086","targetHints":{"allow":["GET"]}}],"collection":[{"href":"https:\/\/systemica.digital\/en\/wp-json\/wp\/v2\/posts"}],"about":[{"href":"https:\/\/systemica.digital\/en\/wp-json\/wp\/v2\/types\/post"}],"author":[{"embeddable":true,"href":"https:\/\/systemica.digital\/en\/wp-json\/wp\/v2\/users\/4"}],"replies":[{"embeddable":true,"href":"https:\/\/systemica.digital\/en\/wp-json\/wp\/v2\/comments?post=8086"}],"version-history":[{"count":0,"href":"https:\/\/systemica.digital\/en\/wp-json\/wp\/v2\/posts\/8086\/revisions"}],"wp:featuredmedia":[{"embeddable":true,"href":"https:\/\/systemica.digital\/en\/wp-json\/wp\/v2\/media\/8084"}],"wp:attachment":[{"href":"https:\/\/systemica.digital\/en\/wp-json\/wp\/v2\/media?parent=8086"}],"wp:term":[{"taxonomy":"category","embeddable":true,"href":"https:\/\/systemica.digital\/en\/wp-json\/wp\/v2\/categories?post=8086"},{"taxonomy":"post_tag","embeddable":true,"href":"https:\/\/systemica.digital\/en\/wp-json\/wp\/v2\/tags?post=8086"}],"curies":[{"name":"wp","href":"https:\/\/api.w.org\/{rel}","templated":true}]}}