{"id":7946,"date":"2023-01-10T12:48:02","date_gmt":"2023-01-10T15:48:02","guid":{"rendered":"https:\/\/systemica.digital\/?p=7946"},"modified":"2024-07-19T10:18:37","modified_gmt":"2024-07-19T13:18:37","slug":"nossa-analise-sobre-critica-do-the-guardian-a-verra","status":"publish","type":"post","link":"https:\/\/systemica.digital\/en\/nossa-analise-sobre-critica-do-the-guardian-a-verra\/","title":{"rendered":"Our analysis of The Guardian&#039;s criticism of Verra"},"content":{"rendered":"<p><span style=\"font-weight: 400;\">A Systemica \u00e9 uma empresa comprometida em desenvolver projetos com alto n\u00edvel de integridade ambiental, al\u00e9m de gerar impacto social positivo e contribuir para a manuten\u00e7\u00e3o da biodiversidade. Para n\u00f3s, a an\u00e1lise publicada no dia 18 de janeiro de 2023 no The Guardian opta por uma cr\u00edtica extrema, baseada em evid\u00eancias cient\u00edficas pouco robustas. Nosso time de cientistas analisou rigorosamente toda a documenta\u00e7\u00e3o apresentada, e conclu\u00edmos que a investiga\u00e7\u00e3o \u00e9 uma oportunidade perdida de ampliar o debate necess\u00e1rio a respeito da import\u00e2ncia do mercado volunt\u00e1rio de carbono e poss\u00edveis melhorias metodol\u00f3gicas.<\/span><\/p>\n<p><span style=\"font-weight: 400;\">No dia 18 de janeiro, o The Guardian publicou um artigo criticando a quantifica\u00e7\u00e3o das redu\u00e7\u00f5es de Gases de Efeito Estufa (GEE) de projetos em andamento registrados na Verra. Embora seja baseado em fontes de pesquisa respeit\u00e1veis, o artigo falha em n\u00e3o apresentar as limita\u00e7\u00f5es dos modelos usados pelos pesquisadores. Uma an\u00e1lise superficial dos estudos cient\u00edficos apontados mostra que os autores est\u00e3o cientes dos pontos fracos nas conclus\u00f5es e metodologia de seus estudos, o que leva \u00e0 conclus\u00e3o inevit\u00e1vel de que o material escolhido pelo The Guardian n\u00e3o consegue embasar as acusa\u00e7\u00f5es contra a Verra.\u00a0<\/span><\/p>\n<p><span style=\"font-weight: 400;\">Especificamente, a manchete de que &#8220;mais de 90% dos cr\u00e9ditos de carbono da Verra s\u00e3o in\u00fateis&#8221; n\u00e3o est\u00e1 em nenhum dos estudos mencionados no artigo. Na verdade, essa conclus\u00e3o se baseia em uma an\u00e1lise do pr\u00f3prio ve\u00edculo. Eles chegaram a essa conclus\u00e3o usando os resultados de 2020 e 2023 do artigo escrito por Thales A. P. West et al, com uma amostragem de 29 projetos REDD+. Estender a mesma conclus\u00e3o a todo o programa VCS \u00e9 uma distor\u00e7\u00e3o flagrante, e a premissa de que a metodologia apresentada nesses estudos acad\u00eamicos fornece um conjunto de dados de an\u00e1lise emp\u00edrico \u00e9 ainda mais problem\u00e1tica.<\/span><\/p>\n<p><span style=\"font-weight: 400;\">Temos um comprometimento com o mais alto n\u00edvel de integridade cient\u00edfica nos projetos de mercado em que trabalhamos, e \u00e9 imperativo que forne\u00e7amos nossa perspectiva e contribui\u00e7\u00e3o para uma compreens\u00e3o mais precisa de quest\u00f5es t\u00e3o importantes.<\/span><\/p>\n<p><span style=\"font-weight: 400;\">Antes de tudo, vale frisar que prever o futuro n\u00e3o \u00e9 uma tarefa f\u00e1cil. Desenvolver modelos que descrevam adequadamente o comportamento din\u00e2mico de sistemas complexos \u00e9 um campo de pesquisa exigente e mut\u00e1vel, com muitas considera\u00e7\u00f5es cient\u00edficas e tecnol\u00f3gicas. Em geral, modelos que prev\u00eaem comportamentos amplos possuem limita\u00e7\u00f5es de escopo e exatid\u00e3o, que s\u00e3o em grande parte determinadas por pressupostos espec\u00edficos e a complexidade do sistema em quest\u00e3o. Isso n\u00e3o poderia ser diferente para modelos que prev\u00eaem o desmatamento e que s\u00e3o base para a cria\u00e7\u00e3o da metodologia de projetos que visam evitar o desmatamento n\u00e3o planejado e quantificar redu\u00e7\u00f5es de emiss\u00f5es de GEE.<\/span><\/p>\n<p><span style=\"font-weight: 400;\">Os resultados de West et al s\u00e3o obtidos por meio de uma abordagem modeladora que usa os chamados grupos de controle sint\u00e9ticos para gerar contrafactuais que supostamente emulam o que teria acontecido nos locais caso os projetos REDD+ n\u00e3o existissem. Esses controles sint\u00e9ticos s\u00e3o \u00e1reas de amostra distribu\u00eddas pelo pa\u00eds onde o projeto est\u00e1 localizado para corresponder a algumas caracter\u00edsticas espaciais espec\u00edficas. Para produzir um contrafactual, os controles s\u00e3o ponderados estatisticamente, para que suas taxas m\u00e9dias hist\u00f3ricas de desmatamento sigam a mesma linha das taxas observadas no entorno do territ\u00f3rio de cada projeto.<\/span><\/p>\n<p><span style=\"font-weight: 400;\">A capacidade de previs\u00e3o desses controles \u00e9 julgada pelo qu\u00e3o bem eles conseguem reproduzir a curva de desmatamento dos projetos. Se essa descri\u00e7\u00e3o for satisfat\u00f3ria, o grupo \u00e9 adotado como o padr\u00e3o a ser utilizado no momento de determinar o cen\u00e1rio base para o local do projeto.\u00a0<\/span><\/p>\n<p><span style=\"font-weight: 400;\">Em grande parte dos projetos examinados, o modelo de controle sint\u00e9tico produz compensa\u00e7\u00f5es de carbono mais baixas do que as reivindica\u00e7\u00f5es dos proponentes do projeto, que desenvolveram suas linhas de base a partir das metodologias da Verra. Os cr\u00e9ditos de carbono que correspondem a essa diverg\u00eancia s\u00e3o chamados de &#8220;cr\u00e9ditos fantasmas&#8221; dentro do artigo do The Guardian.<\/span><\/p>\n<p><span style=\"font-weight: 400;\">Entretanto, os modelos de VCU em projetos que evitam o desmatamento n\u00e3o se baseiam apenas em modelos estat\u00edsticos. As estimativas de base precisam ser apoiadas por uma descri\u00e7\u00e3o consistente e robusta da din\u00e2mica subjacente ao desmatamento, pensando em termos de agentes e caracter\u00edsticas locais. Entender essas din\u00e2micas \u00e9 crucial para fazer previs\u00f5es concretas, pois permite identificar as vari\u00e1veis relevantes que explicam os padr\u00f5es de desmatamento na regi\u00e3o do projeto e a evolu\u00e7\u00e3o a longo prazo. Modelos que utilizam controles sint\u00e9ticos t\u00eam uma limita\u00e7\u00e3o significativa por serem incapazes de capturar de forma precisa a correla\u00e7\u00e3o entre padr\u00f5es de desmatamento e as intera\u00e7\u00f5es complexas de agentes locais nas \u00e1reas do projeto.<\/span><\/p>\n<p><span style=\"font-weight: 400;\">Novamente, \u00e9 importante destacar que os autores dos artigos citados, que expressam preocupa\u00e7\u00e3o leg\u00edtima com a integridade do programa VCS, est\u00e3o cientes dessas limita\u00e7\u00f5es.\u00a0<\/span><\/p>\n<p><span style=\"font-weight: 400;\">Os jornalistas tamb\u00e9m analisaram os resultados de um m\u00e9todo contrafactual alternativo descrito por Guizar-Couti\u00f1o et al (2022). A abordagem \u00e9 semelhante ao modelo de controle sint\u00e9tico, mas usando de forma alternativa uma sele\u00e7\u00e3o de pixels que representam \u00e1reas de floresta em imagens de sat\u00e9lite, que funcionam como controles com atributos espaciais correspondentes aos da \u00e1rea de floresta inicial do projeto REDD+. Esse conjunto de pixels \u00e9 utilizado como um modelo para estimar o desmatamento esperado no local do projeto caso o projeto REDD+ n\u00e3o existisse. Entretanto, como os pixels est\u00e3o espalhados por uma regi\u00e3o muito maior, esse m\u00e9todo tamb\u00e9m falha na hora de fazer correla\u00e7\u00f5es entre agentes locais. Desta forma, essa quest\u00e3o n\u00e3o fornece embasamento para desacreditar as metodologias adotadas pela Verra que, apesar de imperfeitas, s\u00e3o sempre baseadas em dados localmente correlacionados.<\/span><\/p>\n<p><span style=\"font-weight: 400;\">Guizar-Couti\u00f1o e os demais autores do artigo cient\u00edfico utilizado pelo The Guardian n\u00e3o comparam compensa\u00e7\u00f5es reivindicadas pelos proponentes do projeto calculadas usando esse modelo. Os autores tamb\u00e9m deixam claro a discord\u00e2ncia entre os resultados obtidos por eles (mais otimistas) e os resultados da pesquisa de West e colaboradores de 2020 ao comparar estimativas base para 19 projetos analisados em ambos os estudos. Mesmo assim, eles expressam apoio ao modelo REDD+.<\/span><\/p>\n<p><span style=\"font-weight: 400;\">Os jornalistas compararam as taxas de desmatamento calculadas pelo modelo proposto por Guizar Couti\u00f1o et al com informa\u00e7\u00f5es dispon\u00edveis no banco de dados da Verra para 32 projetos REDD+, e conclu\u00edram que as perdas florestais previstas foram inflacionadas em uma m\u00e9dia de 406%. Eles n\u00e3o revelaram como chegaram a esse n\u00famero. Mais uma vez, essa informa\u00e7\u00e3o foi baseada em uma suposi\u00e7\u00e3o question\u00e1vel de que o m\u00e9todo de controle baseado em pixels descreve com precis\u00e3o o que teria acontecido em um determinado local de projeto, ao contr\u00e1rio do que aconteceria utilizando o modelo sint\u00e9tico. Na verdade, ambas as abordagens possuem limita\u00e7\u00f5es.\u00a0<\/span><\/p>\n<p><span style=\"font-weight: 400;\">Atualmente, a Verra est\u00e1 conduzindo uma revis\u00e3o completa de suas metodologias AUD. Esse processo, apoiado por especialistas e consultas p\u00fablicas, visa melhorar os requisitos metodol\u00f3gicos dos modelos de previs\u00e3o de desmatamento, aumentando a precis\u00e3o e confiabilidade de seus resultados. Medidas como essa mostram o esfor\u00e7o cont\u00ednuo da Verra em aumentar a integridade dos projetos AUD, e est\u00e3o em conson\u00e2ncia com nossas aspira\u00e7\u00f5es por um mercado de carbono saud\u00e1vel e pr\u00f3spero.<\/span><\/p>\n<p><span style=\"font-weight: 400;\">O mercado de carbono volunt\u00e1rio \u00e9 uma ferramenta valiosa no esfor\u00e7o para conter o aquecimento global. Ele permite que empresas e indiv\u00edduos compensem suas emiss\u00f5es de carbono investindo em projetos que reduzam\/evitam ou sequestram gases de efeito estufa. Esses projetos, como agricultura, energia renov\u00e1vel, conserva\u00e7\u00e3o florestal e reflorestamento, desempenham um papel importante na preserva\u00e7\u00e3o do meio ambiente e da biodiversidade, al\u00e9m de promover o desenvolvimento sustent\u00e1vel nas comunidades locais. \u00c9 amplamente reconhecido que o mecanismo de REDD+ desempenha um papel crucial ao manter florestas em p\u00e9, apesar dos problemas identificados na reportagem. A capacidade do REDD+ de reduzir as emiss\u00f5es por desmatamento e degrada\u00e7\u00e3o florestal e sua capacidade em promover o desenvolvimento sustent\u00e1vel torna-o uma ferramenta importante no enfrentamento das 17 ODS.<\/span><\/p>\n<p><span style=\"font-weight: 400;\">Projetos REDD+ t\u00eam sido bem sucedidos em proteger florestas amea\u00e7adas e incentivar a biodiversidade, assim como promover meios de subsist\u00eancia sustent\u00e1vel para as comunidades locais. Al\u00e9m disso, o REDD+ criou incentivos financeiros bem sucedidos na conserva\u00e7\u00e3o ambiental, essenciais na prote\u00e7\u00e3o de florestas em pa\u00edses em desenvolvimento. Embora existam de fato desafios associados a todos os projetos REDD+, \u00e9 importante frisar que essas quest\u00f5es n\u00e3o s\u00e3o inerentes a projetos REDD+, sendo comuns em qualquer tipo de esfor\u00e7o de larga escala dentro do cen\u00e1rio ambiental. Planejamento adequado, monitoramento e avalia\u00e7\u00f5es podem corrigir e superar esses obst\u00e1culos, garantindo que essa ferramenta t\u00e3o importante continue ajudando a conserva\u00e7\u00e3o e mitigando os efeitos da mudan\u00e7a clim\u00e1tica.<\/span><\/p>\n<p><span style=\"font-weight: 400;\">N\u00f3s tamb\u00e9m acreditamos que \u00e9 importante ressaltar que a responsabilidade pela integridade do padr\u00e3o VCS n\u00e3o \u00e9 apenas da Verra. Sim, a Verra exige que os desenvolvedores de projetos e Organismos de Valida\u00e7\u00e3o e Verifica\u00e7\u00e3o sigam as normas ISO 14064 e 14065 para conduzir com precis\u00e3o seus projetos e avalia\u00e7\u00f5es. As metodologias tamb\u00e9m foram criadas pelos principais desenvolvedores do mercado, seguindo as orienta\u00e7\u00f5es da Conven\u00e7\u00e3o-Quadro das Na\u00e7\u00f5es Unidas sobre a Mudan\u00e7a do Clima e as orienta\u00e7\u00f5es da LLUCF (Land Use, Land-Use Chance and Forestry, termo da pol\u00edtica clim\u00e1tica que organiza as emiss\u00f5es liberadas e capturadas resultantes do uso direto da terra, como assentamentos e \u00e1reas comerciais). Esse processo permite que a Verra implemente princ\u00edpios em comum e garante que todos os projetos utilizem as ferramentas corretas para obter os melhores resultados poss\u00edveis. Mesmo assim, h\u00e1 uma grande depend\u00eancia dos desenvolvedores de produtos para interpretar e seguir de forma correta essas orienta\u00e7\u00f5es, tomando decis\u00f5es que fa\u00e7am jus ao esp\u00edrito inicial da regulamenta\u00e7\u00e3o. Essa parceria \u00e9 o que mant\u00e9m florestas em p\u00e9 em boas condi\u00e7\u00f5es de preserva\u00e7\u00e3o, com a biodiversidade intacta e objetivos sociais cumpridos.\u00a0<\/span><\/p>\n<p><span style=\"font-weight: 400;\">Na Systemica, estamos comprometidos em manter a integridade ambiental e clim\u00e1tica de nossos projetos REDD+. Nos \u00faltimos anos, analisamos milhares de \u00e1reas na Amaz\u00f4nia legal usando diferentes modelos de previs\u00e3o e v\u00e1rios tipos de metodologias aprovadas pela Verra. Entendemos que proteger a floresta e mitigar os efeitos da mudan\u00e7a clim\u00e1tica s\u00e3o essenciais para um futuro sustent\u00e1vel. \u00c9 por isso que fazemos quest\u00e3o de seguir padr\u00f5es e princ\u00edpios rigorosos em todas as decis\u00f5es que tomamos. Garantimos que nossos projetos REDD+ s\u00e3o baseados em estimativas realistas, e desenvolvidos de forma social e ambientalmente respons\u00e1vel.\u00a0<\/span><\/p>\n<p><span style=\"font-weight: 400;\">A Systemica vem automatizando nossas principais metodologias e an\u00e1lises aprovadas no setor de Agricultura, Florestas e Uso do Solo (AFOLU, em ingl\u00eas). Buscamos amplificar nossos projetos, trazendo agilidade para o monitoramento e processos de verifica\u00e7\u00e3o e evitando qualquer tipo de erro na hora de estimar e quantificar as redu\u00e7\u00f5es de emiss\u00f5es. Estamos comprometidos com a transpar\u00eancia e a presta\u00e7\u00e3o de contas, e garantimos que nossos projetos passam por monitoramentos, relat\u00f3rios e verifica\u00e7\u00f5es regulares.\u00a0\u00a0<\/span><\/p>\n<p><span style=\"font-weight: 400;\">Trabalhamos lado a lado com as comunidades locais e partes interessadas, e acreditamos que essa participa\u00e7\u00e3o \u00e9 essencial para o sucesso de nossos projetos. Tamb\u00e9m trabalhamos de forma pr\u00f3xima com verificadores terceirizados e independentes, que garantem que nossos projetos sempre atendam padr\u00f5es de excel\u00eancia em desempenho ambiental e social.<\/span><\/p>\n<p><span style=\"font-weight: 400;\">N\u00f3s montamos uma equipe interdisciplinar e desenvolvemos parceiros estrat\u00e9gicos para a implementa\u00e7\u00e3o das atividades de nossos projetos, projetados por meio de tecnologias sociais que abordem as quest\u00f5es mais urgentes enfrentadas pelas comunidades em seu cotidiano. Temos orgulho do impacto positivo que nossos projetos exercem em rela\u00e7\u00e3o ao meio ambiente, comunidades locais e na luta contra as mudan\u00e7as clim\u00e1ticas.<\/span><\/p>\n<p>&nbsp;<\/p>\n<p><strong>Refer\u00eancias<\/strong><\/p>\n<p><span style=\"font-weight: 400;\">West, T.A., B\u00f6rner, J., Sills, E.O. and Kontoleon, A., 2020. Overstated carbon emission <\/span><span style=\"font-weight: 400;\">\u00a0<\/span><span style=\"font-weight: 400;\">reductions from voluntary REDD+ projects in the Brazilian Amazon. Proceedings of the National <\/span><span style=\"font-weight: 400;\">\u00a0<\/span><span style=\"font-weight: 400;\">Academy of Sciences, 117(39), pp.24188-24194.<\/span><span style=\"font-weight: 400;\">\u00a0<\/span><\/p>\n<p><span style=\"font-weight: 400;\">Guizar\u2010Couti\u00f1o, A., Jones, J.P., Balmford, A., Carmenta, R. and Coomes, D.A., 2022. A global <\/span><span style=\"font-weight: 400;\">\u00a0<\/span><span style=\"font-weight: 400;\">evaluation of the effectiveness of voluntary REDD+ projects at reducing deforestation and <\/span><span style=\"font-weight: 400;\">\u00a0<\/span><span style=\"font-weight: 400;\">degradation in the moist tropics. Conservation Biology, p.e13970.<\/span><span style=\"font-weight: 400;\">\u00a0<\/span><\/p>\n<p><span style=\"font-weight: 400;\">West, T.A., Wunder, S., Sills, E.O., B\u00f6rner, J., Rifai, S.W., Neidermeier, A.N. and Kontoleon, <\/span><span style=\"font-weight: 400;\">\u00a0<\/span><span style=\"font-weight: 400;\">A., 2023. Action needed to make carbon offsets from tropical forest conservation work for <\/span><span style=\"font-weight: 400;\">\u00a0<\/span><span style=\"font-weight: 400;\">climate change mitigation. ArXiv Preprint.<\/span><span style=\"font-weight: 400;\">\u00a0<\/span><\/p>\n<p><span style=\"font-weight: 400;\">[1] For more details about these concepts visit: https:\/\/verra.org\/wp content\/uploads\/2022\/12\/VCS-Standard-v4.4-FINAL.pdf<\/span><\/p>\n","protected":false},"excerpt":{"rendered":"<p>A Systemica \u00e9 uma empresa comprometida em desenvolver projetos com alto n\u00edvel de integridade ambiental, al\u00e9m de gerar impacto social positivo e contribuir para a manuten\u00e7\u00e3o da biodiversidade. Para n\u00f3s, a an\u00e1lise publicada no dia 18 de janeiro de 2023 no The Guardian opta por uma cr\u00edtica extrema, baseada em evid\u00eancias cient\u00edficas pouco robustas. Nosso [&hellip;]<\/p>\n","protected":false},"author":4,"featured_media":7856,"comment_status":"open","ping_status":"open","sticky":false,"template":"","format":"standard","meta":{"_acf_changed":false,"footnotes":""},"categories":[11,1,12],"tags":[25,14,26,16,21,23,32,33,34],"class_list":["post-7946","post","type-post","status-publish","format-standard","has-post-thumbnail","hentry","category-artigos","category-blog","category-na-midia","tag-biodiversidade","tag-creditos-de-carbono","tag-desmatamento","tag-mercado-de-carbono","tag-redd","tag-redd-aud","tag-reflorestamento","tag-vcs","tag-verra"],"acf":[],"yoast_head":"<!-- This site is optimized with the Yoast SEO plugin v27.3 - https:\/\/yoast.com\/product\/yoast-seo-wordpress\/ -->\n<title>Nossa an\u00e1lise sobre cr\u00edtica do The Guardian \u00e0 Verra - Systemica<\/title>\n<meta name=\"description\" content=\"Reportagem opta pelo vi\u00e9s da cr\u00edtica radical, baseada em evid\u00eancias cient\u00edficas pouco robusta para criticar projetos REDD+ certificados pela Verra\" \/>\n<meta name=\"robots\" content=\"index, follow, max-snippet:-1, max-image-preview:large, max-video-preview:-1\" \/>\n<link rel=\"canonical\" href=\"https:\/\/systemica.digital\/en\/nossa-analise-sobre-critica-do-the-guardian-a-verra\/\" \/>\n<meta property=\"og:locale\" content=\"en_US\" \/>\n<meta property=\"og:type\" content=\"article\" \/>\n<meta property=\"og:title\" content=\"Nossa an\u00e1lise sobre cr\u00edtica do The Guardian \u00e0 Verra - Systemica\" \/>\n<meta property=\"og:description\" content=\"Reportagem opta pelo vi\u00e9s da cr\u00edtica radical, baseada em evid\u00eancias cient\u00edficas pouco robusta para criticar projetos REDD+ certificados pela Verra\" \/>\n<meta property=\"og:url\" content=\"https:\/\/systemica.digital\/en\/nossa-analise-sobre-critica-do-the-guardian-a-verra\/\" \/>\n<meta property=\"og:site_name\" content=\"Systemica\" \/>\n<meta property=\"article:published_time\" content=\"2023-01-10T15:48:02+00:00\" \/>\n<meta property=\"article:modified_time\" content=\"2024-07-19T13:18:37+00:00\" \/>\n<meta property=\"og:image\" content=\"https:\/\/systemica.digital\/wp-content\/uploads\/2023\/06\/2.png\" \/>\n\t<meta property=\"og:image:width\" content=\"946\" \/>\n\t<meta property=\"og:image:height\" content=\"600\" \/>\n\t<meta property=\"og:image:type\" content=\"image\/png\" \/>\n<meta name=\"author\" content=\"Equipe Systemica\" \/>\n<meta name=\"twitter:card\" content=\"summary_large_image\" \/>\n<meta name=\"twitter:label1\" content=\"Written by\" \/>\n\t<meta name=\"twitter:data1\" content=\"Equipe Systemica\" \/>\n\t<meta name=\"twitter:label2\" content=\"Est. reading time\" \/>\n\t<meta name=\"twitter:data2\" content=\"11 minutes\" \/>\n<script type=\"application\/ld+json\" class=\"yoast-schema-graph\">{\"@context\":\"https:\\\/\\\/schema.org\",\"@graph\":[{\"@type\":\"Article\",\"@id\":\"https:\\\/\\\/systemica.digital\\\/nossa-analise-sobre-critica-do-the-guardian-a-verra\\\/#article\",\"isPartOf\":{\"@id\":\"https:\\\/\\\/systemica.digital\\\/nossa-analise-sobre-critica-do-the-guardian-a-verra\\\/\"},\"author\":{\"name\":\"Equipe Systemica\",\"@id\":\"https:\\\/\\\/systemica.digital\\\/#\\\/schema\\\/person\\\/c60683e727c15da15afab8f0cea48384\"},\"headline\":\"Nossa an\u00e1lise sobre cr\u00edtica do The Guardian \u00e0 Verra\",\"datePublished\":\"2023-01-10T15:48:02+00:00\",\"dateModified\":\"2024-07-19T13:18:37+00:00\",\"mainEntityOfPage\":{\"@id\":\"https:\\\/\\\/systemica.digital\\\/nossa-analise-sobre-critica-do-the-guardian-a-verra\\\/\"},\"wordCount\":2180,\"commentCount\":0,\"publisher\":{\"@id\":\"https:\\\/\\\/systemica.digital\\\/#organization\"},\"image\":{\"@id\":\"https:\\\/\\\/systemica.digital\\\/nossa-analise-sobre-critica-do-the-guardian-a-verra\\\/#primaryimage\"},\"thumbnailUrl\":\"https:\\\/\\\/systemica.digital\\\/wp-content\\\/uploads\\\/2023\\\/06\\\/2.png\",\"keywords\":[\"biodiversidade\",\"cr\u00e9ditos de carbono\",\"desmatamento\",\"mercado de carbono\",\"redd+\",\"REDD+ AUD\",\"reflorestamento\",\"vcs\",\"verra\"],\"articleSection\":[\"Artigos\",\"Blog\",\"Na M\u00eddia\"],\"inLanguage\":\"en-US\",\"potentialAction\":[{\"@type\":\"CommentAction\",\"name\":\"Comment\",\"target\":[\"https:\\\/\\\/systemica.digital\\\/nossa-analise-sobre-critica-do-the-guardian-a-verra\\\/#respond\"]}]},{\"@type\":\"WebPage\",\"@id\":\"https:\\\/\\\/systemica.digital\\\/nossa-analise-sobre-critica-do-the-guardian-a-verra\\\/\",\"url\":\"https:\\\/\\\/systemica.digital\\\/nossa-analise-sobre-critica-do-the-guardian-a-verra\\\/\",\"name\":\"Nossa an\u00e1lise sobre cr\u00edtica do The Guardian \u00e0 Verra - Systemica\",\"isPartOf\":{\"@id\":\"https:\\\/\\\/systemica.digital\\\/#website\"},\"primaryImageOfPage\":{\"@id\":\"https:\\\/\\\/systemica.digital\\\/nossa-analise-sobre-critica-do-the-guardian-a-verra\\\/#primaryimage\"},\"image\":{\"@id\":\"https:\\\/\\\/systemica.digital\\\/nossa-analise-sobre-critica-do-the-guardian-a-verra\\\/#primaryimage\"},\"thumbnailUrl\":\"https:\\\/\\\/systemica.digital\\\/wp-content\\\/uploads\\\/2023\\\/06\\\/2.png\",\"datePublished\":\"2023-01-10T15:48:02+00:00\",\"dateModified\":\"2024-07-19T13:18:37+00:00\",\"description\":\"Reportagem opta pelo vi\u00e9s da cr\u00edtica radical, baseada em evid\u00eancias cient\u00edficas pouco robusta para criticar projetos REDD+ certificados pela Verra\",\"breadcrumb\":{\"@id\":\"https:\\\/\\\/systemica.digital\\\/nossa-analise-sobre-critica-do-the-guardian-a-verra\\\/#breadcrumb\"},\"inLanguage\":\"en-US\",\"potentialAction\":[{\"@type\":\"ReadAction\",\"target\":[\"https:\\\/\\\/systemica.digital\\\/nossa-analise-sobre-critica-do-the-guardian-a-verra\\\/\"]}]},{\"@type\":\"ImageObject\",\"inLanguage\":\"en-US\",\"@id\":\"https:\\\/\\\/systemica.digital\\\/nossa-analise-sobre-critica-do-the-guardian-a-verra\\\/#primaryimage\",\"url\":\"https:\\\/\\\/systemica.digital\\\/wp-content\\\/uploads\\\/2023\\\/06\\\/2.png\",\"contentUrl\":\"https:\\\/\\\/systemica.digital\\\/wp-content\\\/uploads\\\/2023\\\/06\\\/2.png\",\"width\":946,\"height\":600},{\"@type\":\"BreadcrumbList\",\"@id\":\"https:\\\/\\\/systemica.digital\\\/nossa-analise-sobre-critica-do-the-guardian-a-verra\\\/#breadcrumb\",\"itemListElement\":[{\"@type\":\"ListItem\",\"position\":1,\"name\":\"In\u00edcio\",\"item\":\"https:\\\/\\\/systemica.digital\\\/\"},{\"@type\":\"ListItem\",\"position\":2,\"name\":\"Nossa an\u00e1lise sobre cr\u00edtica do The Guardian \u00e0 Verra\"}]},{\"@type\":\"WebSite\",\"@id\":\"https:\\\/\\\/systemica.digital\\\/#website\",\"url\":\"https:\\\/\\\/systemica.digital\\\/\",\"name\":\"Systemica\",\"description\":\"\",\"publisher\":{\"@id\":\"https:\\\/\\\/systemica.digital\\\/#organization\"},\"potentialAction\":[{\"@type\":\"SearchAction\",\"target\":{\"@type\":\"EntryPoint\",\"urlTemplate\":\"https:\\\/\\\/systemica.digital\\\/?s={search_term_string}\"},\"query-input\":{\"@type\":\"PropertyValueSpecification\",\"valueRequired\":true,\"valueName\":\"search_term_string\"}}],\"inLanguage\":\"en-US\"},{\"@type\":\"Organization\",\"@id\":\"https:\\\/\\\/systemica.digital\\\/#organization\",\"name\":\"Systemica\",\"url\":\"https:\\\/\\\/systemica.digital\\\/\",\"logo\":{\"@type\":\"ImageObject\",\"inLanguage\":\"en-US\",\"@id\":\"https:\\\/\\\/systemica.digital\\\/#\\\/schema\\\/logo\\\/image\\\/\",\"url\":\"https:\\\/\\\/systemica.digital\\\/wp-content\\\/uploads\\\/2024\\\/06\\\/logo-systemica.png\",\"contentUrl\":\"https:\\\/\\\/systemica.digital\\\/wp-content\\\/uploads\\\/2024\\\/06\\\/logo-systemica.png\",\"width\":211,\"height\":29,\"caption\":\"Systemica\"},\"image\":{\"@id\":\"https:\\\/\\\/systemica.digital\\\/#\\\/schema\\\/logo\\\/image\\\/\"}},{\"@type\":\"Person\",\"@id\":\"https:\\\/\\\/systemica.digital\\\/#\\\/schema\\\/person\\\/c60683e727c15da15afab8f0cea48384\",\"name\":\"Equipe Systemica\",\"image\":{\"@type\":\"ImageObject\",\"inLanguage\":\"en-US\",\"@id\":\"https:\\\/\\\/systemica.digital\\\/wp-content\\\/uploads\\\/2024\\\/07\\\/author.png\",\"url\":\"https:\\\/\\\/systemica.digital\\\/wp-content\\\/uploads\\\/2024\\\/07\\\/author.png\",\"contentUrl\":\"https:\\\/\\\/systemica.digital\\\/wp-content\\\/uploads\\\/2024\\\/07\\\/author.png\",\"caption\":\"Equipe Systemica\"},\"url\":\"https:\\\/\\\/systemica.digital\\\/en\\\/author\\\/comunicados_systemica_\\\/\"}]}<\/script>\n<!-- \/ Yoast SEO plugin. -->","yoast_head_json":{"title":"Our analysis of The Guardian&#039;s criticism of Verra - Systemica","description":"Report opts for a radical critical bias, based on less than robust scientific evidence, to criticize REDD+ projects certified by Verra","robots":{"index":"index","follow":"follow","max-snippet":"max-snippet:-1","max-image-preview":"max-image-preview:large","max-video-preview":"max-video-preview:-1"},"canonical":"https:\/\/systemica.digital\/en\/nossa-analise-sobre-critica-do-the-guardian-a-verra\/","og_locale":"en_US","og_type":"article","og_title":"Nossa an\u00e1lise sobre cr\u00edtica do The Guardian \u00e0 Verra - Systemica","og_description":"Reportagem opta pelo vi\u00e9s da cr\u00edtica radical, baseada em evid\u00eancias cient\u00edficas pouco robusta para criticar projetos REDD+ certificados pela Verra","og_url":"https:\/\/systemica.digital\/en\/nossa-analise-sobre-critica-do-the-guardian-a-verra\/","og_site_name":"Systemica","article_published_time":"2023-01-10T15:48:02+00:00","article_modified_time":"2024-07-19T13:18:37+00:00","og_image":[{"width":946,"height":600,"url":"https:\/\/systemica.digital\/wp-content\/uploads\/2023\/06\/2.png","type":"image\/png"}],"author":"Equipe Systemica","twitter_card":"summary_large_image","twitter_misc":{"Written by":"Equipe Systemica","Est. reading time":"11 minutes"},"schema":{"@context":"https:\/\/schema.org","@graph":[{"@type":"Article","@id":"https:\/\/systemica.digital\/nossa-analise-sobre-critica-do-the-guardian-a-verra\/#article","isPartOf":{"@id":"https:\/\/systemica.digital\/nossa-analise-sobre-critica-do-the-guardian-a-verra\/"},"author":{"name":"Equipe Systemica","@id":"https:\/\/systemica.digital\/#\/schema\/person\/c60683e727c15da15afab8f0cea48384"},"headline":"Nossa an\u00e1lise sobre cr\u00edtica do The Guardian \u00e0 Verra","datePublished":"2023-01-10T15:48:02+00:00","dateModified":"2024-07-19T13:18:37+00:00","mainEntityOfPage":{"@id":"https:\/\/systemica.digital\/nossa-analise-sobre-critica-do-the-guardian-a-verra\/"},"wordCount":2180,"commentCount":0,"publisher":{"@id":"https:\/\/systemica.digital\/#organization"},"image":{"@id":"https:\/\/systemica.digital\/nossa-analise-sobre-critica-do-the-guardian-a-verra\/#primaryimage"},"thumbnailUrl":"https:\/\/systemica.digital\/wp-content\/uploads\/2023\/06\/2.png","keywords":["biodiversidade","cr\u00e9ditos de carbono","desmatamento","mercado de carbono","redd+","REDD+ AUD","reflorestamento","vcs","verra"],"articleSection":["Artigos","Blog","Na M\u00eddia"],"inLanguage":"en-US","potentialAction":[{"@type":"CommentAction","name":"Comment","target":["https:\/\/systemica.digital\/nossa-analise-sobre-critica-do-the-guardian-a-verra\/#respond"]}]},{"@type":"WebPage","@id":"https:\/\/systemica.digital\/nossa-analise-sobre-critica-do-the-guardian-a-verra\/","url":"https:\/\/systemica.digital\/nossa-analise-sobre-critica-do-the-guardian-a-verra\/","name":"Our analysis of The Guardian&#039;s criticism of Verra - Systemica","isPartOf":{"@id":"https:\/\/systemica.digital\/#website"},"primaryImageOfPage":{"@id":"https:\/\/systemica.digital\/nossa-analise-sobre-critica-do-the-guardian-a-verra\/#primaryimage"},"image":{"@id":"https:\/\/systemica.digital\/nossa-analise-sobre-critica-do-the-guardian-a-verra\/#primaryimage"},"thumbnailUrl":"https:\/\/systemica.digital\/wp-content\/uploads\/2023\/06\/2.png","datePublished":"2023-01-10T15:48:02+00:00","dateModified":"2024-07-19T13:18:37+00:00","description":"Report opts for a radical critical bias, based on less than robust scientific evidence, to criticize REDD+ projects certified by Verra","breadcrumb":{"@id":"https:\/\/systemica.digital\/nossa-analise-sobre-critica-do-the-guardian-a-verra\/#breadcrumb"},"inLanguage":"en-US","potentialAction":[{"@type":"ReadAction","target":["https:\/\/systemica.digital\/nossa-analise-sobre-critica-do-the-guardian-a-verra\/"]}]},{"@type":"ImageObject","inLanguage":"en-US","@id":"https:\/\/systemica.digital\/nossa-analise-sobre-critica-do-the-guardian-a-verra\/#primaryimage","url":"https:\/\/systemica.digital\/wp-content\/uploads\/2023\/06\/2.png","contentUrl":"https:\/\/systemica.digital\/wp-content\/uploads\/2023\/06\/2.png","width":946,"height":600},{"@type":"BreadcrumbList","@id":"https:\/\/systemica.digital\/nossa-analise-sobre-critica-do-the-guardian-a-verra\/#breadcrumb","itemListElement":[{"@type":"ListItem","position":1,"name":"In\u00edcio","item":"https:\/\/systemica.digital\/"},{"@type":"ListItem","position":2,"name":"Nossa an\u00e1lise sobre cr\u00edtica do The Guardian \u00e0 Verra"}]},{"@type":"WebSite","@id":"https:\/\/systemica.digital\/#website","url":"https:\/\/systemica.digital\/","name":"Systemica","description":"","publisher":{"@id":"https:\/\/systemica.digital\/#organization"},"potentialAction":[{"@type":"SearchAction","target":{"@type":"EntryPoint","urlTemplate":"https:\/\/systemica.digital\/?s={search_term_string}"},"query-input":{"@type":"PropertyValueSpecification","valueRequired":true,"valueName":"search_term_string"}}],"inLanguage":"en-US"},{"@type":"Organization","@id":"https:\/\/systemica.digital\/#organization","name":"Systemica","url":"https:\/\/systemica.digital\/","logo":{"@type":"ImageObject","inLanguage":"en-US","@id":"https:\/\/systemica.digital\/#\/schema\/logo\/image\/","url":"https:\/\/systemica.digital\/wp-content\/uploads\/2024\/06\/logo-systemica.png","contentUrl":"https:\/\/systemica.digital\/wp-content\/uploads\/2024\/06\/logo-systemica.png","width":211,"height":29,"caption":"Systemica"},"image":{"@id":"https:\/\/systemica.digital\/#\/schema\/logo\/image\/"}},{"@type":"Person","@id":"https:\/\/systemica.digital\/#\/schema\/person\/c60683e727c15da15afab8f0cea48384","name":"Systemic Team","image":{"@type":"ImageObject","inLanguage":"en-US","@id":"https:\/\/systemica.digital\/wp-content\/uploads\/2024\/07\/author.png","url":"https:\/\/systemica.digital\/wp-content\/uploads\/2024\/07\/author.png","contentUrl":"https:\/\/systemica.digital\/wp-content\/uploads\/2024\/07\/author.png","caption":"Equipe Systemica"},"url":"https:\/\/systemica.digital\/en\/author\/comunicados_systemica_\/"}]}},"_links":{"self":[{"href":"https:\/\/systemica.digital\/en\/wp-json\/wp\/v2\/posts\/7946","targetHints":{"allow":["GET"]}}],"collection":[{"href":"https:\/\/systemica.digital\/en\/wp-json\/wp\/v2\/posts"}],"about":[{"href":"https:\/\/systemica.digital\/en\/wp-json\/wp\/v2\/types\/post"}],"author":[{"embeddable":true,"href":"https:\/\/systemica.digital\/en\/wp-json\/wp\/v2\/users\/4"}],"replies":[{"embeddable":true,"href":"https:\/\/systemica.digital\/en\/wp-json\/wp\/v2\/comments?post=7946"}],"version-history":[{"count":0,"href":"https:\/\/systemica.digital\/en\/wp-json\/wp\/v2\/posts\/7946\/revisions"}],"wp:featuredmedia":[{"embeddable":true,"href":"https:\/\/systemica.digital\/en\/wp-json\/wp\/v2\/media\/7856"}],"wp:attachment":[{"href":"https:\/\/systemica.digital\/en\/wp-json\/wp\/v2\/media?parent=7946"}],"wp:term":[{"taxonomy":"category","embeddable":true,"href":"https:\/\/systemica.digital\/en\/wp-json\/wp\/v2\/categories?post=7946"},{"taxonomy":"post_tag","embeddable":true,"href":"https:\/\/systemica.digital\/en\/wp-json\/wp\/v2\/tags?post=7946"}],"curies":[{"name":"wp","href":"https:\/\/api.w.org\/{rel}","templated":true}]}}