{"id":7921,"date":"2023-06-22T17:47:52","date_gmt":"2023-06-22T20:47:52","guid":{"rendered":"https:\/\/systemica.digital\/?p=7921"},"modified":"2024-07-19T10:18:36","modified_gmt":"2024-07-19T13:18:36","slug":"em-altamira-ceo-da-systemica-fala-como-recursos-de-projetos-redd-em-areas-coletivas-podem-auxiliar-na-transformacao-territorial-e-fomentar-sistemas-agroflorestais-2","status":"publish","type":"post","link":"https:\/\/systemica.digital\/en\/em-altamira-ceo-da-systemica-fala-como-recursos-de-projetos-redd-em-areas-coletivas-podem-auxiliar-na-transformacao-territorial-e-fomentar-sistemas-agroflorestais-2\/","title":{"rendered":"In Altamira, CEO of Systemica talks about how resources from REDD+ projects in collective areas can help with territorial transformation and promote agroforestry systems"},"content":{"rendered":"<h2 class=\"p1\"><i>Munir Soares discussed the advantages and challenges of implementing agroforestry systems and the ability to generate long-term income for communities and investors<\/i><\/h2>\n<p class=\"p1\">Munir Soares, CEO of Systemica, was one of the guests at the workshop \u201cEconomic viability and financing of Agroforestry Systems\u201d, held in Altamira (PA) and broadcast online by the Amazon Environmental Research Institute (IPAM). In his speech, Munir spoke about Systemica&#039;s objective within this scenario, and explained the importance of talking about the voluntary carbon market.<\/p>\n<p class=\"p1\">\u201cSystemica aims to transform territories, and our participation in this event has to do with the work we have started to use a strategy of conservation resources that can help with territorial transformation. Our intention was to present a proposal for the potential to use the REDD+ resources of a settlement so that they can promote agroforestry systems. The resources that will be generated by the conservation forestry carbon credit will be used to implement agroforestry systems in settlements, strengthening family farming and accelerating the process of regeneration of territories\u201d, he explains.<\/p>\n<p class=\"p1\">During the event, Munir presented a case study based on the settlement of Pacaj\u00e1, in Par\u00e1, with 4 collective areas of interest: Bom Jardim, Rio Arata\u00fa, Rio Cururu and Terra para a Paz. <span class=\"s1\">The proposal considers the REDD+ AUD and APD methodologies as a possibility for generating income and promoting the development of SAF.<\/span><\/p>\n<h2 class=\"p3\"><b>The challenge in the carbon market is to combine the removal of existing GHGs and the reduction of new emissions<\/b><\/h2>\n<p class=\"p1\">One of the challenges of the carbon market today is the focus on purchasing carbon removal credits, when the forest grows and, as a result, greenhouse gases are absorbed by the trees. The idea, according to Munir, is to buy on two fronts: avoid emissions and remove gases that have already been released into the atmosphere. <span class=\"s1\">To Munir,<\/span> <span class=\"s1\">also<\/span> \u201cIt is important that we prevent emissions from occurring, in the case of conservation credits, because when we lose an area of great biodiversity, it can take years for that territory to recover. Recovery often happens, but the initial biodiversity is lost.\u201d<\/p>\n<p class=\"p1\">One of the advantages of agroforestry systems, in addition to the preservation of local biodiversity and long-term land regeneration, is the ability of these systems to remove carbon from the atmosphere, directly contributing to the reduction of the greenhouse effect. Agroforestry systems use vegetable consortiums as a cultivation model, preserving the needs of each species, protecting the soil and offering natural protection against pests and invaders. The high amount of organic matter in the soil strengthens root growth, sequestering carbon from the atmosphere and fixing it in the soil. The agroforestry model also improves soil and water quality, reducing erosion and moderating the climate.<\/p>\n<p class=\"p1\">REDD+ projects, responsible for subsidizing the conservation of forest areas, have existed for a considerable time and have proven methodologies and a good relationship between cost and effectiveness. The cost of reducing emissions is much cheaper, around 10 to 15 dollars. A project with 100% removal, according to Munir, costs between 35 and 45 dollars, a higher cost that demands a more committed investment.<\/p>\n<h2 class=\"p3\"><b>Carbon credits can help cover part of the high costs of SAF projects <\/b><\/h2>\n<p class=\"p1\">\u201cReforestation projects have many challenges, such as measuring how much I am actually storing in this specific area. There is also the complexity of reconciling different products for different markets. All projects that we place on the removal market, in the case of SAF, have immediate liquidity. Prices are higher. We have many companies interested, the problem is that many of them are not willing to buy the initial risk and make these contributions\u201d, he explains.<\/p>\n<p class=\"p1\">According to the simulation shown in the workshop, the values of SAF projects are high, and require a realistic understanding of what is possible within the analyzed territories. \u201cWe are talking about very high values, one billion, two billion. These are the challenges of removal projects, they are expensive projects. Our thinking is the following: if we take part of the conservation resource, which is easily generated, how much would it be possible to cover from that total potential. What we see is that, of the total potential, we are able to cover somewhere between 7 and 15% of the resource needed to cover the entire area. The carbon project will not pay the bill, but it can help generate income for committed communities, investors and landowners\u201d, adds Munir.<\/p>\n<p class=\"p1\">Regarding long-term investment in projects in collective areas, measured over a minimum of 30 years, Systemica spends the first two years improving governance processes. This attention is essential for the longevity of investments and the possibility of self-regulation in the following phases of projects. \u201cAt the beginning, we trained the associations, coordinated with local actors, discussed the sharing of benefits, resource management, accountability and we moved forward. We spent an average of two years reinforcing governance, mapping local stakeholders and partners. We do not enter the project if we cannot create these conditions. We have important risks at stake as we put resources forward in these early years. We need to be sure that we are creating something good for the community and the ecosystem\u201d, he concludes.<\/p>\n<p class=\"p1\">Watch the full workshop here: <a href=\"https:\/\/www.youtube.com\/ipam_amazonia\"><span class=\"s3\">IPAM Amaz\u00f4nia \u2013 YouTube<\/span><\/a><\/p>","protected":false},"excerpt":{"rendered":"<p>Munir Soares discutiu vantagens e desafios de implementar sistemas agroflorestais e a capacidade de gera\u00e7\u00e3o de renda a longo prazo para comunidades e investidores Munir Soares, CEO da Systemica, foi um dos convidados da oficina \u201cViabilidade econ\u00f4mica e financiamento de Sistemas Agroflorestais\u201d, realizada em Altamira (PA) e com transmiss\u00e3o online pelo Instituto de Pesquisa Ambiental [&hellip;]<\/p>\n","protected":false},"author":4,"featured_media":7925,"comment_status":"open","ping_status":"open","sticky":false,"template":"","format":"standard","meta":{"_acf_changed":false,"footnotes":""},"categories":[11,1,12],"tags":[17,18,19,16,20,21,22,23],"class_list":["post-7921","post","type-post","status-publish","format-standard","has-post-thumbnail","hentry","category-artigos","category-blog","category-na-midia","tag-agroflorestas","tag-equipe-systemica","tag-eventos","tag-mercado-de-carbono","tag-munir-soares","tag-redd","tag-redd-apd","tag-redd-aud"],"acf":[],"yoast_head":"<!-- This site is optimized with the Yoast SEO plugin v27.3 - https:\/\/yoast.com\/product\/yoast-seo-wordpress\/ -->\n<title>Em Altamira, CEO da Systemica fala como recursos de projetos REDD+ em \u00e1reas coletivas podem auxiliar na transforma\u00e7\u00e3o territorial e fomentar sistemas agroflorestais - Systemica<\/title>\n<meta name=\"description\" content=\"Munir Soares discutiu vantagens e desafios de implementar agroflorestas e a capacidade de gera\u00e7\u00e3o de renda a longo prazo para comunidades e investidores\" \/>\n<meta name=\"robots\" content=\"index, follow, max-snippet:-1, max-image-preview:large, max-video-preview:-1\" \/>\n<link rel=\"canonical\" href=\"https:\/\/systemica.digital\/en\/em-altamira-ceo-da-systemica-fala-como-recursos-de-projetos-redd-em-areas-coletivas-podem-auxiliar-na-transformacao-territorial-e-fomentar-sistemas-agroflorestais-2\/\" \/>\n<meta property=\"og:locale\" content=\"en_US\" \/>\n<meta property=\"og:type\" content=\"article\" \/>\n<meta property=\"og:title\" content=\"Em Altamira, CEO da Systemica fala como recursos de projetos REDD+ em \u00e1reas coletivas podem auxiliar na transforma\u00e7\u00e3o territorial e fomentar sistemas agroflorestais - Systemica\" \/>\n<meta property=\"og:description\" content=\"Munir Soares discutiu vantagens e desafios de implementar agroflorestas e a capacidade de gera\u00e7\u00e3o de renda a longo prazo para comunidades e investidores\" \/>\n<meta property=\"og:url\" content=\"https:\/\/systemica.digital\/en\/em-altamira-ceo-da-systemica-fala-como-recursos-de-projetos-redd-em-areas-coletivas-podem-auxiliar-na-transformacao-territorial-e-fomentar-sistemas-agroflorestais-2\/\" \/>\n<meta property=\"og:site_name\" content=\"Systemica\" \/>\n<meta property=\"article:published_time\" content=\"2023-06-22T20:47:52+00:00\" \/>\n<meta property=\"article:modified_time\" content=\"2024-07-19T13:18:36+00:00\" \/>\n<meta property=\"og:image\" content=\"https:\/\/systemica.digital\/wp-content\/uploads\/2023\/06\/Systemica-Banner-blog-Evento-Systemica-no-Ipam_sem-texto.png\" \/>\n\t<meta property=\"og:image:width\" content=\"1920\" \/>\n\t<meta property=\"og:image:height\" content=\"1080\" \/>\n\t<meta property=\"og:image:type\" content=\"image\/png\" \/>\n<meta name=\"author\" content=\"Equipe Systemica\" \/>\n<meta name=\"twitter:card\" content=\"summary_large_image\" \/>\n<meta name=\"twitter:label1\" content=\"Written by\" \/>\n\t<meta name=\"twitter:data1\" content=\"Equipe Systemica\" \/>\n\t<meta name=\"twitter:label2\" content=\"Est. reading time\" \/>\n\t<meta name=\"twitter:data2\" content=\"5 minutes\" \/>\n<script type=\"application\/ld+json\" class=\"yoast-schema-graph\">{\"@context\":\"https:\\\/\\\/schema.org\",\"@graph\":[{\"@type\":\"Article\",\"@id\":\"https:\\\/\\\/systemica.digital\\\/em-altamira-ceo-da-systemica-fala-como-recursos-de-projetos-redd-em-areas-coletivas-podem-auxiliar-na-transformacao-territorial-e-fomentar-sistemas-agroflorestais-2\\\/#article\",\"isPartOf\":{\"@id\":\"https:\\\/\\\/systemica.digital\\\/em-altamira-ceo-da-systemica-fala-como-recursos-de-projetos-redd-em-areas-coletivas-podem-auxiliar-na-transformacao-territorial-e-fomentar-sistemas-agroflorestais-2\\\/\"},\"author\":{\"name\":\"Equipe Systemica\",\"@id\":\"https:\\\/\\\/systemica.digital\\\/#\\\/schema\\\/person\\\/c60683e727c15da15afab8f0cea48384\"},\"headline\":\"Em Altamira, CEO da Systemica fala como recursos de projetos REDD+ em \u00e1reas coletivas podem auxiliar na transforma\u00e7\u00e3o territorial e fomentar sistemas agroflorestais\",\"datePublished\":\"2023-06-22T20:47:52+00:00\",\"dateModified\":\"2024-07-19T13:18:36+00:00\",\"mainEntityOfPage\":{\"@id\":\"https:\\\/\\\/systemica.digital\\\/em-altamira-ceo-da-systemica-fala-como-recursos-de-projetos-redd-em-areas-coletivas-podem-auxiliar-na-transformacao-territorial-e-fomentar-sistemas-agroflorestais-2\\\/\"},\"wordCount\":977,\"commentCount\":0,\"publisher\":{\"@id\":\"https:\\\/\\\/systemica.digital\\\/#organization\"},\"image\":{\"@id\":\"https:\\\/\\\/systemica.digital\\\/em-altamira-ceo-da-systemica-fala-como-recursos-de-projetos-redd-em-areas-coletivas-podem-auxiliar-na-transformacao-territorial-e-fomentar-sistemas-agroflorestais-2\\\/#primaryimage\"},\"thumbnailUrl\":\"https:\\\/\\\/systemica.digital\\\/wp-content\\\/uploads\\\/2023\\\/06\\\/Systemica-Banner-blog-Evento-Systemica-no-Ipam_sem-texto.png\",\"keywords\":[\"agroflorestas\",\"equipe systemica\",\"eventos\",\"mercado de carbono\",\"munir soares\",\"redd+\",\"REDD+ APD\",\"REDD+ AUD\"],\"articleSection\":[\"Artigos\",\"Blog\",\"Na M\u00eddia\"],\"inLanguage\":\"en-US\",\"potentialAction\":[{\"@type\":\"CommentAction\",\"name\":\"Comment\",\"target\":[\"https:\\\/\\\/systemica.digital\\\/em-altamira-ceo-da-systemica-fala-como-recursos-de-projetos-redd-em-areas-coletivas-podem-auxiliar-na-transformacao-territorial-e-fomentar-sistemas-agroflorestais-2\\\/#respond\"]}]},{\"@type\":\"WebPage\",\"@id\":\"https:\\\/\\\/systemica.digital\\\/em-altamira-ceo-da-systemica-fala-como-recursos-de-projetos-redd-em-areas-coletivas-podem-auxiliar-na-transformacao-territorial-e-fomentar-sistemas-agroflorestais-2\\\/\",\"url\":\"https:\\\/\\\/systemica.digital\\\/em-altamira-ceo-da-systemica-fala-como-recursos-de-projetos-redd-em-areas-coletivas-podem-auxiliar-na-transformacao-territorial-e-fomentar-sistemas-agroflorestais-2\\\/\",\"name\":\"Em Altamira, CEO da Systemica fala como recursos de projetos REDD+ em \u00e1reas coletivas podem auxiliar na transforma\u00e7\u00e3o territorial e fomentar sistemas agroflorestais - Systemica\",\"isPartOf\":{\"@id\":\"https:\\\/\\\/systemica.digital\\\/#website\"},\"primaryImageOfPage\":{\"@id\":\"https:\\\/\\\/systemica.digital\\\/em-altamira-ceo-da-systemica-fala-como-recursos-de-projetos-redd-em-areas-coletivas-podem-auxiliar-na-transformacao-territorial-e-fomentar-sistemas-agroflorestais-2\\\/#primaryimage\"},\"image\":{\"@id\":\"https:\\\/\\\/systemica.digital\\\/em-altamira-ceo-da-systemica-fala-como-recursos-de-projetos-redd-em-areas-coletivas-podem-auxiliar-na-transformacao-territorial-e-fomentar-sistemas-agroflorestais-2\\\/#primaryimage\"},\"thumbnailUrl\":\"https:\\\/\\\/systemica.digital\\\/wp-content\\\/uploads\\\/2023\\\/06\\\/Systemica-Banner-blog-Evento-Systemica-no-Ipam_sem-texto.png\",\"datePublished\":\"2023-06-22T20:47:52+00:00\",\"dateModified\":\"2024-07-19T13:18:36+00:00\",\"description\":\"Munir Soares discutiu vantagens e desafios de implementar agroflorestas e a capacidade de gera\u00e7\u00e3o de renda a longo prazo para comunidades e investidores\",\"breadcrumb\":{\"@id\":\"https:\\\/\\\/systemica.digital\\\/em-altamira-ceo-da-systemica-fala-como-recursos-de-projetos-redd-em-areas-coletivas-podem-auxiliar-na-transformacao-territorial-e-fomentar-sistemas-agroflorestais-2\\\/#breadcrumb\"},\"inLanguage\":\"en-US\",\"potentialAction\":[{\"@type\":\"ReadAction\",\"target\":[\"https:\\\/\\\/systemica.digital\\\/em-altamira-ceo-da-systemica-fala-como-recursos-de-projetos-redd-em-areas-coletivas-podem-auxiliar-na-transformacao-territorial-e-fomentar-sistemas-agroflorestais-2\\\/\"]}]},{\"@type\":\"ImageObject\",\"inLanguage\":\"en-US\",\"@id\":\"https:\\\/\\\/systemica.digital\\\/em-altamira-ceo-da-systemica-fala-como-recursos-de-projetos-redd-em-areas-coletivas-podem-auxiliar-na-transformacao-territorial-e-fomentar-sistemas-agroflorestais-2\\\/#primaryimage\",\"url\":\"https:\\\/\\\/systemica.digital\\\/wp-content\\\/uploads\\\/2023\\\/06\\\/Systemica-Banner-blog-Evento-Systemica-no-Ipam_sem-texto.png\",\"contentUrl\":\"https:\\\/\\\/systemica.digital\\\/wp-content\\\/uploads\\\/2023\\\/06\\\/Systemica-Banner-blog-Evento-Systemica-no-Ipam_sem-texto.png\",\"width\":1920,\"height\":1080},{\"@type\":\"BreadcrumbList\",\"@id\":\"https:\\\/\\\/systemica.digital\\\/em-altamira-ceo-da-systemica-fala-como-recursos-de-projetos-redd-em-areas-coletivas-podem-auxiliar-na-transformacao-territorial-e-fomentar-sistemas-agroflorestais-2\\\/#breadcrumb\",\"itemListElement\":[{\"@type\":\"ListItem\",\"position\":1,\"name\":\"In\u00edcio\",\"item\":\"https:\\\/\\\/systemica.digital\\\/\"},{\"@type\":\"ListItem\",\"position\":2,\"name\":\"Em Altamira, CEO da Systemica fala como recursos de projetos REDD+ em \u00e1reas coletivas podem auxiliar na transforma\u00e7\u00e3o territorial e fomentar sistemas agroflorestais\"}]},{\"@type\":\"WebSite\",\"@id\":\"https:\\\/\\\/systemica.digital\\\/#website\",\"url\":\"https:\\\/\\\/systemica.digital\\\/\",\"name\":\"Systemica\",\"description\":\"\",\"publisher\":{\"@id\":\"https:\\\/\\\/systemica.digital\\\/#organization\"},\"potentialAction\":[{\"@type\":\"SearchAction\",\"target\":{\"@type\":\"EntryPoint\",\"urlTemplate\":\"https:\\\/\\\/systemica.digital\\\/?s={search_term_string}\"},\"query-input\":{\"@type\":\"PropertyValueSpecification\",\"valueRequired\":true,\"valueName\":\"search_term_string\"}}],\"inLanguage\":\"en-US\"},{\"@type\":\"Organization\",\"@id\":\"https:\\\/\\\/systemica.digital\\\/#organization\",\"name\":\"Systemica\",\"url\":\"https:\\\/\\\/systemica.digital\\\/\",\"logo\":{\"@type\":\"ImageObject\",\"inLanguage\":\"en-US\",\"@id\":\"https:\\\/\\\/systemica.digital\\\/#\\\/schema\\\/logo\\\/image\\\/\",\"url\":\"https:\\\/\\\/systemica.digital\\\/wp-content\\\/uploads\\\/2024\\\/06\\\/logo-systemica.png\",\"contentUrl\":\"https:\\\/\\\/systemica.digital\\\/wp-content\\\/uploads\\\/2024\\\/06\\\/logo-systemica.png\",\"width\":211,\"height\":29,\"caption\":\"Systemica\"},\"image\":{\"@id\":\"https:\\\/\\\/systemica.digital\\\/#\\\/schema\\\/logo\\\/image\\\/\"}},{\"@type\":\"Person\",\"@id\":\"https:\\\/\\\/systemica.digital\\\/#\\\/schema\\\/person\\\/c60683e727c15da15afab8f0cea48384\",\"name\":\"Equipe Systemica\",\"image\":{\"@type\":\"ImageObject\",\"inLanguage\":\"en-US\",\"@id\":\"https:\\\/\\\/systemica.digital\\\/wp-content\\\/uploads\\\/2024\\\/07\\\/author.png\",\"url\":\"https:\\\/\\\/systemica.digital\\\/wp-content\\\/uploads\\\/2024\\\/07\\\/author.png\",\"contentUrl\":\"https:\\\/\\\/systemica.digital\\\/wp-content\\\/uploads\\\/2024\\\/07\\\/author.png\",\"caption\":\"Equipe Systemica\"},\"url\":\"https:\\\/\\\/systemica.digital\\\/en\\\/author\\\/comunicados_systemica_\\\/\"}]}<\/script>\n<!-- \/ Yoast SEO plugin. -->","yoast_head_json":{"title":"In Altamira, Systemica&#039;s CEO discusses how resources from REDD+ projects in collective areas can help with territorial transformation and promote agroforestry systems - Systemica","description":"Munir Soares discussed the advantages and challenges of implementing agroforestry and its long-term income-generating capacity for communities and investors.","robots":{"index":"index","follow":"follow","max-snippet":"max-snippet:-1","max-image-preview":"max-image-preview:large","max-video-preview":"max-video-preview:-1"},"canonical":"https:\/\/systemica.digital\/en\/em-altamira-ceo-da-systemica-fala-como-recursos-de-projetos-redd-em-areas-coletivas-podem-auxiliar-na-transformacao-territorial-e-fomentar-sistemas-agroflorestais-2\/","og_locale":"en_US","og_type":"article","og_title":"Em Altamira, CEO da Systemica fala como recursos de projetos REDD+ em \u00e1reas coletivas podem auxiliar na transforma\u00e7\u00e3o territorial e fomentar sistemas agroflorestais - Systemica","og_description":"Munir Soares discutiu vantagens e desafios de implementar agroflorestas e a capacidade de gera\u00e7\u00e3o de renda a longo prazo para comunidades e investidores","og_url":"https:\/\/systemica.digital\/en\/em-altamira-ceo-da-systemica-fala-como-recursos-de-projetos-redd-em-areas-coletivas-podem-auxiliar-na-transformacao-territorial-e-fomentar-sistemas-agroflorestais-2\/","og_site_name":"Systemica","article_published_time":"2023-06-22T20:47:52+00:00","article_modified_time":"2024-07-19T13:18:36+00:00","og_image":[{"width":1920,"height":1080,"url":"https:\/\/systemica.digital\/wp-content\/uploads\/2023\/06\/Systemica-Banner-blog-Evento-Systemica-no-Ipam_sem-texto.png","type":"image\/png"}],"author":"Equipe Systemica","twitter_card":"summary_large_image","twitter_misc":{"Written by":"Equipe Systemica","Est. reading time":"5 minutes"},"schema":{"@context":"https:\/\/schema.org","@graph":[{"@type":"Article","@id":"https:\/\/systemica.digital\/em-altamira-ceo-da-systemica-fala-como-recursos-de-projetos-redd-em-areas-coletivas-podem-auxiliar-na-transformacao-territorial-e-fomentar-sistemas-agroflorestais-2\/#article","isPartOf":{"@id":"https:\/\/systemica.digital\/em-altamira-ceo-da-systemica-fala-como-recursos-de-projetos-redd-em-areas-coletivas-podem-auxiliar-na-transformacao-territorial-e-fomentar-sistemas-agroflorestais-2\/"},"author":{"name":"Equipe Systemica","@id":"https:\/\/systemica.digital\/#\/schema\/person\/c60683e727c15da15afab8f0cea48384"},"headline":"Em Altamira, CEO da Systemica fala como recursos de projetos REDD+ em \u00e1reas coletivas podem auxiliar na transforma\u00e7\u00e3o territorial e fomentar sistemas agroflorestais","datePublished":"2023-06-22T20:47:52+00:00","dateModified":"2024-07-19T13:18:36+00:00","mainEntityOfPage":{"@id":"https:\/\/systemica.digital\/em-altamira-ceo-da-systemica-fala-como-recursos-de-projetos-redd-em-areas-coletivas-podem-auxiliar-na-transformacao-territorial-e-fomentar-sistemas-agroflorestais-2\/"},"wordCount":977,"commentCount":0,"publisher":{"@id":"https:\/\/systemica.digital\/#organization"},"image":{"@id":"https:\/\/systemica.digital\/em-altamira-ceo-da-systemica-fala-como-recursos-de-projetos-redd-em-areas-coletivas-podem-auxiliar-na-transformacao-territorial-e-fomentar-sistemas-agroflorestais-2\/#primaryimage"},"thumbnailUrl":"https:\/\/systemica.digital\/wp-content\/uploads\/2023\/06\/Systemica-Banner-blog-Evento-Systemica-no-Ipam_sem-texto.png","keywords":["agroflorestas","equipe systemica","eventos","mercado de carbono","munir soares","redd+","REDD+ APD","REDD+ AUD"],"articleSection":["Artigos","Blog","Na M\u00eddia"],"inLanguage":"en-US","potentialAction":[{"@type":"CommentAction","name":"Comment","target":["https:\/\/systemica.digital\/em-altamira-ceo-da-systemica-fala-como-recursos-de-projetos-redd-em-areas-coletivas-podem-auxiliar-na-transformacao-territorial-e-fomentar-sistemas-agroflorestais-2\/#respond"]}]},{"@type":"WebPage","@id":"https:\/\/systemica.digital\/em-altamira-ceo-da-systemica-fala-como-recursos-de-projetos-redd-em-areas-coletivas-podem-auxiliar-na-transformacao-territorial-e-fomentar-sistemas-agroflorestais-2\/","url":"https:\/\/systemica.digital\/em-altamira-ceo-da-systemica-fala-como-recursos-de-projetos-redd-em-areas-coletivas-podem-auxiliar-na-transformacao-territorial-e-fomentar-sistemas-agroflorestais-2\/","name":"In Altamira, Systemica&#039;s CEO discusses how resources from REDD+ projects in collective areas can help with territorial transformation and promote agroforestry systems - Systemica","isPartOf":{"@id":"https:\/\/systemica.digital\/#website"},"primaryImageOfPage":{"@id":"https:\/\/systemica.digital\/em-altamira-ceo-da-systemica-fala-como-recursos-de-projetos-redd-em-areas-coletivas-podem-auxiliar-na-transformacao-territorial-e-fomentar-sistemas-agroflorestais-2\/#primaryimage"},"image":{"@id":"https:\/\/systemica.digital\/em-altamira-ceo-da-systemica-fala-como-recursos-de-projetos-redd-em-areas-coletivas-podem-auxiliar-na-transformacao-territorial-e-fomentar-sistemas-agroflorestais-2\/#primaryimage"},"thumbnailUrl":"https:\/\/systemica.digital\/wp-content\/uploads\/2023\/06\/Systemica-Banner-blog-Evento-Systemica-no-Ipam_sem-texto.png","datePublished":"2023-06-22T20:47:52+00:00","dateModified":"2024-07-19T13:18:36+00:00","description":"Munir Soares discussed the advantages and challenges of implementing agroforestry and its long-term income-generating capacity for communities and investors.","breadcrumb":{"@id":"https:\/\/systemica.digital\/em-altamira-ceo-da-systemica-fala-como-recursos-de-projetos-redd-em-areas-coletivas-podem-auxiliar-na-transformacao-territorial-e-fomentar-sistemas-agroflorestais-2\/#breadcrumb"},"inLanguage":"en-US","potentialAction":[{"@type":"ReadAction","target":["https:\/\/systemica.digital\/em-altamira-ceo-da-systemica-fala-como-recursos-de-projetos-redd-em-areas-coletivas-podem-auxiliar-na-transformacao-territorial-e-fomentar-sistemas-agroflorestais-2\/"]}]},{"@type":"ImageObject","inLanguage":"en-US","@id":"https:\/\/systemica.digital\/em-altamira-ceo-da-systemica-fala-como-recursos-de-projetos-redd-em-areas-coletivas-podem-auxiliar-na-transformacao-territorial-e-fomentar-sistemas-agroflorestais-2\/#primaryimage","url":"https:\/\/systemica.digital\/wp-content\/uploads\/2023\/06\/Systemica-Banner-blog-Evento-Systemica-no-Ipam_sem-texto.png","contentUrl":"https:\/\/systemica.digital\/wp-content\/uploads\/2023\/06\/Systemica-Banner-blog-Evento-Systemica-no-Ipam_sem-texto.png","width":1920,"height":1080},{"@type":"BreadcrumbList","@id":"https:\/\/systemica.digital\/em-altamira-ceo-da-systemica-fala-como-recursos-de-projetos-redd-em-areas-coletivas-podem-auxiliar-na-transformacao-territorial-e-fomentar-sistemas-agroflorestais-2\/#breadcrumb","itemListElement":[{"@type":"ListItem","position":1,"name":"In\u00edcio","item":"https:\/\/systemica.digital\/"},{"@type":"ListItem","position":2,"name":"Em Altamira, CEO da Systemica fala como recursos de projetos REDD+ em \u00e1reas coletivas podem auxiliar na transforma\u00e7\u00e3o territorial e fomentar sistemas agroflorestais"}]},{"@type":"WebSite","@id":"https:\/\/systemica.digital\/#website","url":"https:\/\/systemica.digital\/","name":"Systemica","description":"","publisher":{"@id":"https:\/\/systemica.digital\/#organization"},"potentialAction":[{"@type":"SearchAction","target":{"@type":"EntryPoint","urlTemplate":"https:\/\/systemica.digital\/?s={search_term_string}"},"query-input":{"@type":"PropertyValueSpecification","valueRequired":true,"valueName":"search_term_string"}}],"inLanguage":"en-US"},{"@type":"Organization","@id":"https:\/\/systemica.digital\/#organization","name":"Systemica","url":"https:\/\/systemica.digital\/","logo":{"@type":"ImageObject","inLanguage":"en-US","@id":"https:\/\/systemica.digital\/#\/schema\/logo\/image\/","url":"https:\/\/systemica.digital\/wp-content\/uploads\/2024\/06\/logo-systemica.png","contentUrl":"https:\/\/systemica.digital\/wp-content\/uploads\/2024\/06\/logo-systemica.png","width":211,"height":29,"caption":"Systemica"},"image":{"@id":"https:\/\/systemica.digital\/#\/schema\/logo\/image\/"}},{"@type":"Person","@id":"https:\/\/systemica.digital\/#\/schema\/person\/c60683e727c15da15afab8f0cea48384","name":"Systemic Team","image":{"@type":"ImageObject","inLanguage":"en-US","@id":"https:\/\/systemica.digital\/wp-content\/uploads\/2024\/07\/author.png","url":"https:\/\/systemica.digital\/wp-content\/uploads\/2024\/07\/author.png","contentUrl":"https:\/\/systemica.digital\/wp-content\/uploads\/2024\/07\/author.png","caption":"Equipe Systemica"},"url":"https:\/\/systemica.digital\/en\/author\/comunicados_systemica_\/"}]}},"_links":{"self":[{"href":"https:\/\/systemica.digital\/en\/wp-json\/wp\/v2\/posts\/7921","targetHints":{"allow":["GET"]}}],"collection":[{"href":"https:\/\/systemica.digital\/en\/wp-json\/wp\/v2\/posts"}],"about":[{"href":"https:\/\/systemica.digital\/en\/wp-json\/wp\/v2\/types\/post"}],"author":[{"embeddable":true,"href":"https:\/\/systemica.digital\/en\/wp-json\/wp\/v2\/users\/4"}],"replies":[{"embeddable":true,"href":"https:\/\/systemica.digital\/en\/wp-json\/wp\/v2\/comments?post=7921"}],"version-history":[{"count":0,"href":"https:\/\/systemica.digital\/en\/wp-json\/wp\/v2\/posts\/7921\/revisions"}],"wp:featuredmedia":[{"embeddable":true,"href":"https:\/\/systemica.digital\/en\/wp-json\/wp\/v2\/media\/7925"}],"wp:attachment":[{"href":"https:\/\/systemica.digital\/en\/wp-json\/wp\/v2\/media?parent=7921"}],"wp:term":[{"taxonomy":"category","embeddable":true,"href":"https:\/\/systemica.digital\/en\/wp-json\/wp\/v2\/categories?post=7921"},{"taxonomy":"post_tag","embeddable":true,"href":"https:\/\/systemica.digital\/en\/wp-json\/wp\/v2\/tags?post=7921"}],"curies":[{"name":"wp","href":"https:\/\/api.w.org\/{rel}","templated":true}]}}